{"id":45899,"date":"2023-09-30T10:19:53","date_gmt":"2023-09-30T16:19:53","guid":{"rendered":"https:\/\/encuentroinformativo.com.mx\/?p=45899"},"modified":"2023-09-30T10:19:57","modified_gmt":"2023-09-30T16:19:57","slug":"en-todos-santos-podrian-volver-recorridos-al-panteon-cinco-de-febrero","status":"publish","type":"post","link":"https:\/\/encuentroinformativo.com.mx\/?p=45899","title":{"rendered":"En Todos Santos, podr\u00edan volver recorridos al pante\u00f3n Cinco de Febrero"},"content":{"rendered":"\n<p><strong>Juan Arcos <\/strong><\/p>\n\n\n\n<p>Xalapa, Ver.- Podr\u00edan volver los recorridos guiados al interior del pante\u00f3n 5 de Febrero durante la festividad del D\u00eda de Muertos y Todos Santos en la ciudad de Xalapa.<\/p>\n\n\n\n<p>As\u00ed lo revel\u00f3 el regidor titular de la Comisi\u00f3n edilicia de Panteones, Alfonso Marcos Garc\u00eda, quien a\u00f1adi\u00f3 que se tienen programadas varias actividades en los camposantos de la capital por dichas celebraciones.<\/p>\n\n\n\n<p>Se busca una autorizaci\u00f3n por parte del alcalde Ricardo Ahued Bardahuil y el Instituto Nacional de Antropolog\u00eda e Historia (INAH) para la realizaci\u00f3n de actividades culturales y art\u00edsticas al interior del pante\u00f3n 5 de Febrero.<\/p>\n\n\n\n<p>&#8220;Nosotros tenemos programado llevar en conjunto, con la Direcci\u00f3n de Cultura, Medio Ambiente, la Comisi\u00f3n de Panteones, una serie de actividades en el pante\u00f3n 5 de Febrero, las actividades ser\u00edan en la parte de la explanada y ver si el alcalde y el INAH autorizan un recorrido de manera ordenada y mesurada al interior del pante\u00f3n\u201d, expres\u00f3.<\/p>\n\n\n\n<p>El pante\u00f3n 5 de Febrero cerr\u00f3 sus puertas al p\u00fablico debido a que es considerado un monumento hist\u00f3rico por la antig\u00fcedad de sus tumbas.<\/p>\n\n\n\n<p>El funcionario municipal indic\u00f3 que se trabaja en diversas acciones para que los panteones municipales est\u00e9n listos y reciban a los visitantes.<\/p>\n\n\n\n<p>Las autoridades municipales trabajan en la elaboraci\u00f3n de un programa pues es en esas fecha los camposantos son muy visitados.<\/p>\n\n\n\n<p>\u201cEn comisi\u00f3n de Panteones se platic\u00f3 con la directora de Medio Ambiente y el titular de la Unidad de Panteones sobre las acciones que se van a tomar con anticipaci\u00f3n a partir del 1 de octubre para poder tener visitas en Todos Santos de manera ordenada\u201d.<\/p>\n\n\n\n<p>Adem\u00e1s, coment\u00f3 que las familias podr\u00e1n visitar a sus difuntos en los panteones municipales con libertad, pues no hay restricciones.<\/p>\n\n\n\n<p>Por la festividad, a partir del 15 de octubre empezar\u00e1n las actividades culturales y art\u00edsticas en los camposantos, como en la explanada del Pante\u00f3n 5 de Febrero.<\/p>\n","protected":false},"excerpt":{"rendered":"<p>Juan Arcos Xalapa, Ver.- Podr\u00edan volver los recorridos guiados al interior del pante\u00f3n 5 de Febrero durante la festividad del D\u00eda de Muertos y Todos Santos en la ciudad de Xalapa. As\u00ed lo revel\u00f3 el regidor titular de la Comisi\u00f3n edilicia de Panteones, Alfonso Marcos Garc\u00eda, quien a\u00f1adi\u00f3 que se tienen programadas varias actividades en [&hellip;]<\/p>\n","protected":false},"author":2476,"featured_media":45900,"comment_status":"open","ping_status":"open","sticky":false,"template":"","format":"standard","meta":{"_jetpack_memberships_contains_paid_content":false,"footnotes":""},"categories":[3],"tags":[],"class_list":["post-45899","post","type-post","status-publish","format-standard","has-post-thumbnail","hentry","category-xalapa"],"jetpack_featured_media_url":"https:\/\/encuentroinformativo.com.mx\/wp-content\/uploads\/2023\/09\/IMG_6569.jpg","jetpack_sharing_enabled":true,"jetpack_likes_enabled":true,"amp_enabled":true,"_links":{"self":[{"href":"https:\/\/encuentroinformativo.com.mx\/index.php?rest_route=\/wp\/v2\/posts\/45899","targetHints":{"allow":["GET"]}}],"collection":[{"href":"https:\/\/encuentroinformativo.com.mx\/index.php?rest_route=\/wp\/v2\/posts"}],"about":[{"href":"https:\/\/encuentroinformativo.com.mx\/index.php?rest_route=\/wp\/v2\/types\/post"}],"author":[{"embeddable":true,"href":"https:\/\/encuentroinformativo.com.mx\/index.php?rest_route=\/wp\/v2\/users\/2476"}],"replies":[{"embeddable":true,"href":"https:\/\/encuentroinformativo.com.mx\/index.php?rest_route=%2Fwp%2Fv2%2Fcomments&post=45899"}],"version-history":[{"count":1,"href":"https:\/\/encuentroinformativo.com.mx\/index.php?rest_route=\/wp\/v2\/posts\/45899\/revisions"}],"predecessor-version":[{"id":45901,"href":"https:\/\/encuentroinformativo.com.mx\/index.php?rest_route=\/wp\/v2\/posts\/45899\/revisions\/45901"}],"wp:featuredmedia":[{"embeddable":true,"href":"https:\/\/encuentroinformativo.com.mx\/index.php?rest_route=\/wp\/v2\/media\/45900"}],"wp:attachment":[{"href":"https:\/\/encuentroinformativo.com.mx\/index.php?rest_route=%2Fwp%2Fv2%2Fmedia&parent=45899"}],"wp:term":[{"taxonomy":"category","embeddable":true,"href":"https:\/\/encuentroinformativo.com.mx\/index.php?rest_route=%2Fwp%2Fv2%2Fcategories&post=45899"},{"taxonomy":"post_tag","embeddable":true,"href":"https:\/\/encuentroinformativo.com.mx\/index.php?rest_route=%2Fwp%2Fv2%2Ftags&post=45899"}],"curies":[{"name":"wp","href":"https:\/\/api.w.org\/{rel}","templated":true}]}}