{"id":45902,"date":"2023-09-30T13:18:19","date_gmt":"2023-09-30T19:18:19","guid":{"rendered":"https:\/\/encuentroinformativo.com.mx\/?p=45902"},"modified":"2023-09-30T13:18:23","modified_gmt":"2023-09-30T19:18:23","slug":"rehabilitan-carretera-en-tlalixcoyan-danada-por-lluvias","status":"publish","type":"post","link":"https:\/\/encuentroinformativo.com.mx\/?p=45902","title":{"rendered":"Rehabilitan carretera en Tlalixcoyan da\u00f1ada por lluvias"},"content":{"rendered":"\n<p><strong>Alejandro \u00c1vila<\/strong><\/p>\n\n\n\n<p>Tlalixcoyan, Ver.- Este viernes se entreg\u00f3 la rehabilitaci\u00f3n del tramo carretero Cocuite &#8211; Ignacio de la Llave a la altura de la localidad El Sauce en el municipio de Tlalixcoyan.<\/p>\n\n\n\n<p>La alcaldesa, Elvia Illescas Loyo, inform\u00f3 que se repavimentaron 260 metros de camino, mismos que servir\u00e1n para que habitantes de la comunidad El Sauce, cuenten con v\u00edas de comunicaci\u00f3n m\u00e1s dignas.<\/p>\n\n\n\n<p>La presidenta municipal explic\u00f3 que, debido a las malas condiciones de esta carretera, que increment\u00f3 sus afectaciones durante la temporada de lluvias, se decici\u00f3 rehabilitarla por completo, cuyo tramo mide 263 metros de largo por 7 metros de ancho, mismo que se reemplaz\u00f3 por una nueva carpeta asf\u00e1ltica que garantiza una durabilidad de hasta ocho a\u00f1os de vida.<\/p>\n\n\n\n<p>Acompa\u00f1ada de ediles, as\u00ed como por vecinas y vecinos, la mun\u00edcipe destac\u00f3 que se concluir\u00e1 este 2023 con la entrega de diversos proyectos, tal es el caso de la obra de banquetas en la comunidad La Tuna, en donde se entregar\u00e1n m\u00e1s de 1, 400 metros lineales de guarniciones y banquetas, lo que contribuir\u00e1 a que dichas familias transiten en mejores condiciones.<\/p>\n\n\n\n<p>Finalmente, a\u00f1adi\u00f3 que su gobierno se mantendr\u00e1 trabajando con la misma cercan\u00eda hacia la poblaci\u00f3n hasta el \u00faltimo momento.<\/p>\n","protected":false},"excerpt":{"rendered":"<p>Alejandro \u00c1vila Tlalixcoyan, Ver.- Este viernes se entreg\u00f3 la rehabilitaci\u00f3n del tramo carretero Cocuite &#8211; Ignacio de la Llave a la altura de la localidad El Sauce en el municipio de Tlalixcoyan. La alcaldesa, Elvia Illescas Loyo, inform\u00f3 que se repavimentaron 260 metros de camino, mismos que servir\u00e1n para que habitantes de la comunidad El [&hellip;]<\/p>\n","protected":false},"author":2476,"featured_media":45903,"comment_status":"open","ping_status":"open","sticky":false,"template":"","format":"standard","meta":{"_jetpack_memberships_contains_paid_content":false,"footnotes":""},"categories":[2],"tags":[],"class_list":["post-45902","post","type-post","status-publish","format-standard","has-post-thumbnail","hentry","category-estado"],"jetpack_featured_media_url":"https:\/\/encuentroinformativo.com.mx\/wp-content\/uploads\/2023\/09\/IMG-20230930-WA0004.jpg","jetpack_sharing_enabled":true,"jetpack_likes_enabled":true,"amp_enabled":true,"_links":{"self":[{"href":"https:\/\/encuentroinformativo.com.mx\/index.php?rest_route=\/wp\/v2\/posts\/45902","targetHints":{"allow":["GET"]}}],"collection":[{"href":"https:\/\/encuentroinformativo.com.mx\/index.php?rest_route=\/wp\/v2\/posts"}],"about":[{"href":"https:\/\/encuentroinformativo.com.mx\/index.php?rest_route=\/wp\/v2\/types\/post"}],"author":[{"embeddable":true,"href":"https:\/\/encuentroinformativo.com.mx\/index.php?rest_route=\/wp\/v2\/users\/2476"}],"replies":[{"embeddable":true,"href":"https:\/\/encuentroinformativo.com.mx\/index.php?rest_route=%2Fwp%2Fv2%2Fcomments&post=45902"}],"version-history":[{"count":1,"href":"https:\/\/encuentroinformativo.com.mx\/index.php?rest_route=\/wp\/v2\/posts\/45902\/revisions"}],"predecessor-version":[{"id":45904,"href":"https:\/\/encuentroinformativo.com.mx\/index.php?rest_route=\/wp\/v2\/posts\/45902\/revisions\/45904"}],"wp:featuredmedia":[{"embeddable":true,"href":"https:\/\/encuentroinformativo.com.mx\/index.php?rest_route=\/wp\/v2\/media\/45903"}],"wp:attachment":[{"href":"https:\/\/encuentroinformativo.com.mx\/index.php?rest_route=%2Fwp%2Fv2%2Fmedia&parent=45902"}],"wp:term":[{"taxonomy":"category","embeddable":true,"href":"https:\/\/encuentroinformativo.com.mx\/index.php?rest_route=%2Fwp%2Fv2%2Fcategories&post=45902"},{"taxonomy":"post_tag","embeddable":true,"href":"https:\/\/encuentroinformativo.com.mx\/index.php?rest_route=%2Fwp%2Fv2%2Ftags&post=45902"}],"curies":[{"name":"wp","href":"https:\/\/api.w.org\/{rel}","templated":true}]}}