{"id":45912,"date":"2023-09-30T13:42:29","date_gmt":"2023-09-30T19:42:29","guid":{"rendered":"https:\/\/encuentroinformativo.com.mx\/?p=45912"},"modified":"2023-09-30T13:42:33","modified_gmt":"2023-09-30T19:42:33","slug":"dictan-prision-preventiva-a-empresaria-patricia-n","status":"publish","type":"post","link":"https:\/\/encuentroinformativo.com.mx\/?p=45912","title":{"rendered":"Dictan prisi\u00f3n preventiva a empresaria Patricia N"},"content":{"rendered":"\n<p><strong>Dar\u00edo Pale <\/strong><\/p>\n\n\n\n<p>Xalapa, Ver.- Dictan un a\u00f1o de prisi\u00f3n preventiva oficiosa y dos meses de investigaci\u00f3n complementaria a la empresaria y due\u00f1a del diario Vanguardia de Veracruz, Patricia N., la madrugada de este s\u00e1bado.<\/p>\n\n\n\n<p>Por medio de un comunicado la Fiscal\u00eda General del Estado (FGE), dio a conocer que la v\u00ednculo por el presunto delito de secuestro agravado.<\/p>\n\n\n\n<p>El juez de Control con sede en los juzgados de oralidad de Pacho Viejo, dict\u00f3 un a\u00f1o de prisi\u00f3n preventiva oficiosa a la directiva del medio de comunicaci\u00f3n del norte del Estado, as\u00ed como dos meses de investigaci\u00f3n complementaria.<\/p>\n\n\n\n<p>Patricia N fue imputada de dicho delito grave presuntamente cometido en contra del periodista Ricardo Villanueva, reportero del diario Presente Veracruz, quien fue privado de su libertad el pasado 3 de abril de 2023.<\/p>\n\n\n\n<p>Al siguiente d\u00eda, el d\u00eda 4 de abril fue hallado con vida en el municipio de Tihuatl\u00e1n, municipio cercano del de donde fue secuestro por un grupo armado de un taller mec\u00e1nico donde se encontraba arreglando su motocicleta.<\/p>\n","protected":false},"excerpt":{"rendered":"<p>Dar\u00edo Pale Xalapa, Ver.- Dictan un a\u00f1o de prisi\u00f3n preventiva oficiosa y dos meses de investigaci\u00f3n complementaria a la empresaria y due\u00f1a del diario Vanguardia de Veracruz, Patricia N., la madrugada de este s\u00e1bado. Por medio de un comunicado la Fiscal\u00eda General del Estado (FGE), dio a conocer que la v\u00ednculo por el presunto delito [&hellip;]<\/p>\n","protected":false},"author":2476,"featured_media":45913,"comment_status":"open","ping_status":"open","sticky":false,"template":"","format":"standard","meta":{"_jetpack_memberships_contains_paid_content":false,"footnotes":""},"categories":[14],"tags":[],"class_list":["post-45912","post","type-post","status-publish","format-standard","has-post-thumbnail","hentry","category-policiaca"],"jetpack_featured_media_url":"https:\/\/encuentroinformativo.com.mx\/wp-content\/uploads\/2023\/09\/IMG-20230930-WA0018.jpg","jetpack_sharing_enabled":true,"jetpack_likes_enabled":true,"amp_enabled":true,"_links":{"self":[{"href":"https:\/\/encuentroinformativo.com.mx\/index.php?rest_route=\/wp\/v2\/posts\/45912","targetHints":{"allow":["GET"]}}],"collection":[{"href":"https:\/\/encuentroinformativo.com.mx\/index.php?rest_route=\/wp\/v2\/posts"}],"about":[{"href":"https:\/\/encuentroinformativo.com.mx\/index.php?rest_route=\/wp\/v2\/types\/post"}],"author":[{"embeddable":true,"href":"https:\/\/encuentroinformativo.com.mx\/index.php?rest_route=\/wp\/v2\/users\/2476"}],"replies":[{"embeddable":true,"href":"https:\/\/encuentroinformativo.com.mx\/index.php?rest_route=%2Fwp%2Fv2%2Fcomments&post=45912"}],"version-history":[{"count":1,"href":"https:\/\/encuentroinformativo.com.mx\/index.php?rest_route=\/wp\/v2\/posts\/45912\/revisions"}],"predecessor-version":[{"id":45914,"href":"https:\/\/encuentroinformativo.com.mx\/index.php?rest_route=\/wp\/v2\/posts\/45912\/revisions\/45914"}],"wp:featuredmedia":[{"embeddable":true,"href":"https:\/\/encuentroinformativo.com.mx\/index.php?rest_route=\/wp\/v2\/media\/45913"}],"wp:attachment":[{"href":"https:\/\/encuentroinformativo.com.mx\/index.php?rest_route=%2Fwp%2Fv2%2Fmedia&parent=45912"}],"wp:term":[{"taxonomy":"category","embeddable":true,"href":"https:\/\/encuentroinformativo.com.mx\/index.php?rest_route=%2Fwp%2Fv2%2Fcategories&post=45912"},{"taxonomy":"post_tag","embeddable":true,"href":"https:\/\/encuentroinformativo.com.mx\/index.php?rest_route=%2Fwp%2Fv2%2Ftags&post=45912"}],"curies":[{"name":"wp","href":"https:\/\/api.w.org\/{rel}","templated":true}]}}