{"id":45926,"date":"2023-09-30T21:52:07","date_gmt":"2023-10-01T03:52:07","guid":{"rendered":"https:\/\/encuentroinformativo.com.mx\/?p=45926"},"modified":"2023-09-30T21:52:10","modified_gmt":"2023-10-01T03:52:10","slug":"200-mil-veracruzanos-dejaron-la-pobreza-extrema-eleazar-guerrero-perez-ut","status":"publish","type":"post","link":"https:\/\/encuentroinformativo.com.mx\/?p=45926","title":{"rendered":"200 mil veracruzanos dejaron la pobreza extrema: Eleazar Guerrero P\u00e9rez UT"},"content":{"rendered":"\n<p>Xalapa, Ver.- Este d\u00eda la Atenas Veracruzana recibi\u00f3 el Foro de Expresi\u00f3n del Pueblo, que difunde los logros de la Cuarta Transformaci\u00f3n alcanzados en el pa\u00eds y el estado.<\/p>\n\n\n\n<p>Con el tema &#8220;La Cuarta Transformaci\u00f3n y hacia d\u00f3nde vamos&#8221; el maestro Eleazar Guerrero P\u00e9rez expuso ante cerca de 10 mil personas, un poco de los muchos logros de este proceso Transformador.<\/p>\n\n\n\n<p>Al hacer uso de la voz record\u00f3 a la audiencia que el salario m\u00ednimo era de $80.00, porque los gobiernos neoliberales inventaron la falsa idea que era imposible incrementar el sueldo de los trabajadores, pero no ocurrieron los malos presagios de los derechistas y hoy el salario m\u00ednimo est\u00e1 en $207.00 pesos.<\/p>\n\n\n\n<p>Y agreg\u00f3: &#8220;\u2026nuestro presidente, con las pol\u00edticas p\u00fablicas, ha buscado reducir la pobreza, con este gobierno del presidente Andr\u00e9s Manuel L\u00f3pez Obrador, en 4 a\u00f1os se ha reducido la pobreza en m\u00e1s de 8 millones de mexicanos, esa es la sustancia de cualquier gobierno del mundo: combatir y acabar con la pobreza. M\u00e1s de 600 mil Veracruzanos han abandonado la l\u00ednea de pobreza y m\u00e1s de 200 mil veracruzanos han abandonado la pobreza extrema\u2026&#8221;<\/p>\n\n\n\n<p>Record\u00f3 tambi\u00e9n como los gobiernos del pasado denostaron a los j\u00f3venes llam\u00e1ndoles \u201cNinis\u201d, sin brindarles oportunidades, cerrando las puertas y posibilidades a ese sector de la poblaci\u00f3n. Sin embargo con los gobiernos de la Transformaci\u00f3n, en todo el pa\u00eds se han establecido estrategias gubernamentales, que les abren el mercado laboral y nuevas opciones en sus vidas.<\/p>\n\n\n\n<p>Habl\u00f3 del infame saqueo del que fue objeto el estado por los gobiernos del pasado, destacando en ello la deuda descomunal que propiciaron de manera irresponsable, la cual superaba los 80 mil millones de pesos; y tambi\u00e9n del pertinente esfuerzo del gobierno de Cuitl\u00e1huac Garc\u00eda Jim\u00e9nez para resolver ese problema.<\/p>\n\n\n\n<p>Y destac\u00f3: \u201cLos Gobiernos anteriores saquearon al estado, dejaron un Estado cr\u00edtico con 80 mil millones de pesos, pusieron en quiebra a la UV, el IPE, ya ni se pod\u00edan ampliar los planes de estudios. \u00a1Nos falta mucho que caminar! Lo que hay en M\u00e9xico es para los mexicanos lo que producimos en M\u00e9xico es para las familias de los mexicanos, por eso estamos aqu\u00ed en este foro. Nos faltan muchas reformas que hacer, que emprender, pero eso necesitamos hacer entre todas y todos. All\u00e1 en El congreso Federal necesitamos gente comprometida, senadores, diputados para hacer las reformas electorales, impulsar el plan C, en el 2024 vamos a ganar todo, no basta con ganar, vamos por todo. \u00a1Podemos ilusionarnos con M\u00e9xico, podemos enamorarnos de Veracruz\u2026 Unidos todos por Veracruz, Unidos Todos por M\u00e9xico, Unidos Todos con morena!\u201d concluy\u00f3.<\/p>\n\n\n\n<p>Acompa\u00f1aron en este foro distintas personalidades destacando entre ellos: David Sangabriel Bonilla, Nytzia Guerrero Barrera, Javier Rica\u00f1o Escobar, Ulises Rodr\u00edguez Landa, Angel Alarcon Palmeros, Evaristo Ovando Ram\u00edrez, Elvia Garc\u00eda Hern\u00e1ndez, Yeniger Joice Garc\u00eda Esquivel, Silvia Libia Montoya, Mirna Contreras, Azael Flores Castro, Mario Mac\u00edas Olvera, Juana Margarita Villegas, Miguel Jacome Dom\u00ednguez, Jes\u00fas Neftal\u00ed Andrade Garc\u00eda, Andr\u00e9s Hdez Cancela, Marina M\u00f3nica Maldonado Gallegos , Eusebia Mart\u00ednez Acosta y el doctor Eleazar Guerrero Barrera, entre otros.<\/p>\n","protected":false},"excerpt":{"rendered":"<p>Xalapa, Ver.- Este d\u00eda la Atenas Veracruzana recibi\u00f3 el Foro de Expresi\u00f3n del Pueblo, que difunde los logros de la Cuarta Transformaci\u00f3n alcanzados en el pa\u00eds y el estado. Con el tema &#8220;La Cuarta Transformaci\u00f3n y hacia d\u00f3nde vamos&#8221; el maestro Eleazar Guerrero P\u00e9rez expuso ante cerca de 10 mil personas, un poco de los [&hellip;]<\/p>\n","protected":false},"author":2476,"featured_media":45927,"comment_status":"open","ping_status":"open","sticky":false,"template":"","format":"standard","meta":{"_jetpack_memberships_contains_paid_content":false,"footnotes":""},"categories":[2],"tags":[],"class_list":["post-45926","post","type-post","status-publish","format-standard","has-post-thumbnail","hentry","category-estado"],"jetpack_featured_media_url":"https:\/\/encuentroinformativo.com.mx\/wp-content\/uploads\/2023\/09\/IMG-20230930-WA0054.jpg","jetpack_sharing_enabled":true,"jetpack_likes_enabled":true,"amp_enabled":true,"_links":{"self":[{"href":"https:\/\/encuentroinformativo.com.mx\/index.php?rest_route=\/wp\/v2\/posts\/45926","targetHints":{"allow":["GET"]}}],"collection":[{"href":"https:\/\/encuentroinformativo.com.mx\/index.php?rest_route=\/wp\/v2\/posts"}],"about":[{"href":"https:\/\/encuentroinformativo.com.mx\/index.php?rest_route=\/wp\/v2\/types\/post"}],"author":[{"embeddable":true,"href":"https:\/\/encuentroinformativo.com.mx\/index.php?rest_route=\/wp\/v2\/users\/2476"}],"replies":[{"embeddable":true,"href":"https:\/\/encuentroinformativo.com.mx\/index.php?rest_route=%2Fwp%2Fv2%2Fcomments&post=45926"}],"version-history":[{"count":1,"href":"https:\/\/encuentroinformativo.com.mx\/index.php?rest_route=\/wp\/v2\/posts\/45926\/revisions"}],"predecessor-version":[{"id":45928,"href":"https:\/\/encuentroinformativo.com.mx\/index.php?rest_route=\/wp\/v2\/posts\/45926\/revisions\/45928"}],"wp:featuredmedia":[{"embeddable":true,"href":"https:\/\/encuentroinformativo.com.mx\/index.php?rest_route=\/wp\/v2\/media\/45927"}],"wp:attachment":[{"href":"https:\/\/encuentroinformativo.com.mx\/index.php?rest_route=%2Fwp%2Fv2%2Fmedia&parent=45926"}],"wp:term":[{"taxonomy":"category","embeddable":true,"href":"https:\/\/encuentroinformativo.com.mx\/index.php?rest_route=%2Fwp%2Fv2%2Fcategories&post=45926"},{"taxonomy":"post_tag","embeddable":true,"href":"https:\/\/encuentroinformativo.com.mx\/index.php?rest_route=%2Fwp%2Fv2%2Ftags&post=45926"}],"curies":[{"name":"wp","href":"https:\/\/api.w.org\/{rel}","templated":true}]}}