{"id":4594,"date":"2020-08-02T15:04:34","date_gmt":"2020-08-02T20:04:34","guid":{"rendered":"https:\/\/encuentroinformativo.com\/?p=4594"},"modified":"2020-08-02T15:04:38","modified_gmt":"2020-08-02T20:04:38","slug":"localizan-ejecutados-a-dos-policias-reportados-como-desaparecidos","status":"publish","type":"post","link":"https:\/\/encuentroinformativo.com.mx\/?p=4594","title":{"rendered":"Localizan ejecutados a dos polic\u00edas reportados como desaparecidos"},"content":{"rendered":"\n<p><strong>Juan Arcos <\/strong><\/p>\n\n\n\n<p>Xalapa, Ver.- Los elementos de la Fuerza Civil reportados como desaparecidos en la zona conurbada Veracruz-Boca del R\u00edo, desde el viernes pasado, fueron hallados sin vida, envueltos en bolsas negras, en el municipio de Papantla, al norte del estado.<\/p>\n\n\n\n<p>Se trata de Yeraldi Cort\u00e9s P\u00e9rez, de 38 a\u00f1os, e Ismael Dom\u00ednguez Conde, de 42 a\u00f1os; ambos adscritos a la Secretar\u00eda de Seguridad P\u00fablica (SSP).<\/p>\n\n\n\n<p>La dependencia estatal, a cargo de Hugo Guti\u00e9rrez Maldonado, inform\u00f3 que los elementos formaban parte de la Fuerza Especial de Caminos (FEC) de la Direcci\u00f3n General de Fuerza Civil.<\/p>\n\n\n\n<p>Sus cuerpos fueron encontrados la madrugada de este domingo, a un costado de la carretera Papantla-Guti\u00e9rrez Zamora, a la altura de la comunidad Totomoxtle, muy cerca de la caseta de peaje.<\/p>\n\n\n\n<p>Polic\u00edas arribaron al lugar y observaron que los cuerpos hab\u00edan sido cubiertos con bolsas negras y amarrados con cinta canela.<br>La zona fue acordonada y se solicit\u00f3 la presencia del personal de la Fiscal\u00eda General del Estado (FGE), para iniciar las investigaciones correspondientes.<\/p>\n\n\n\n<p>Posteriormente, los cuerpos fueron trasladados al Servicio M\u00e9dico Forense (SEMEFO).<\/p>\n\n\n\n<p>Los servidores p\u00fablicos desaparecieron el pasado 31 de julio, al salir de sus respectivas \u00e1reas laborales.<\/p>\n\n\n\n<p>Elementos de la Fuerza Civil acudieron a los domicilios de sus dos compa\u00f1eros, donde los familiares dijeron desconocer su paradero y no haber podido comunicarse con ellos.<\/p>\n\n\n\n<p>La Secretar\u00eda de Seguridad P\u00fablica trabaja de manera coordinada con la Fiscal\u00eda General del Estado en las indagatorias que permitan dar con los responsables del homicidio.<\/p>\n\n\n\n<p>Condena SSP <\/p>\n\n\n\n<p>Por su parte autoridades de la Secretar\u00eda de Seguridad P\u00fablica a trav\u00e9s de redes sociales condenaron los hechos y afirmaron que no habr\u00e1 impunidad para castigar a los responsables de los lamentables hechos. <\/p>\n\n\n\n<p><\/p>\n","protected":false},"excerpt":{"rendered":"<p>Juan Arcos Xalapa, Ver.- Los elementos de la Fuerza Civil reportados como desaparecidos en la zona conurbada Veracruz-Boca del R\u00edo, desde el viernes pasado, fueron hallados sin vida, envueltos en bolsas negras, en el municipio de Papantla, al norte del estado. Se trata de Yeraldi Cort\u00e9s P\u00e9rez, de 38 a\u00f1os, e Ismael Dom\u00ednguez Conde, de [&hellip;]<\/p>\n","protected":false},"author":1,"featured_media":4595,"comment_status":"open","ping_status":"open","sticky":false,"template":"","format":"standard","meta":{"_jetpack_memberships_contains_paid_content":false,"footnotes":""},"categories":[14],"tags":[],"class_list":["post-4594","post","type-post","status-publish","format-standard","has-post-thumbnail","hentry","category-policiaca"],"jetpack_featured_media_url":"https:\/\/encuentroinformativo.com.mx\/wp-content\/uploads\/2020\/08\/96A4342F-3A36-4534-8AA7-70D97E777EBF.jpeg","jetpack_sharing_enabled":true,"jetpack_likes_enabled":true,"amp_enabled":true,"_links":{"self":[{"href":"https:\/\/encuentroinformativo.com.mx\/index.php?rest_route=\/wp\/v2\/posts\/4594","targetHints":{"allow":["GET"]}}],"collection":[{"href":"https:\/\/encuentroinformativo.com.mx\/index.php?rest_route=\/wp\/v2\/posts"}],"about":[{"href":"https:\/\/encuentroinformativo.com.mx\/index.php?rest_route=\/wp\/v2\/types\/post"}],"author":[{"embeddable":true,"href":"https:\/\/encuentroinformativo.com.mx\/index.php?rest_route=\/wp\/v2\/users\/1"}],"replies":[{"embeddable":true,"href":"https:\/\/encuentroinformativo.com.mx\/index.php?rest_route=%2Fwp%2Fv2%2Fcomments&post=4594"}],"version-history":[{"count":1,"href":"https:\/\/encuentroinformativo.com.mx\/index.php?rest_route=\/wp\/v2\/posts\/4594\/revisions"}],"predecessor-version":[{"id":4596,"href":"https:\/\/encuentroinformativo.com.mx\/index.php?rest_route=\/wp\/v2\/posts\/4594\/revisions\/4596"}],"wp:featuredmedia":[{"embeddable":true,"href":"https:\/\/encuentroinformativo.com.mx\/index.php?rest_route=\/wp\/v2\/media\/4595"}],"wp:attachment":[{"href":"https:\/\/encuentroinformativo.com.mx\/index.php?rest_route=%2Fwp%2Fv2%2Fmedia&parent=4594"}],"wp:term":[{"taxonomy":"category","embeddable":true,"href":"https:\/\/encuentroinformativo.com.mx\/index.php?rest_route=%2Fwp%2Fv2%2Fcategories&post=4594"},{"taxonomy":"post_tag","embeddable":true,"href":"https:\/\/encuentroinformativo.com.mx\/index.php?rest_route=%2Fwp%2Fv2%2Ftags&post=4594"}],"curies":[{"name":"wp","href":"https:\/\/api.w.org\/{rel}","templated":true}]}}