{"id":45941,"date":"2023-10-01T22:15:12","date_gmt":"2023-10-02T04:15:12","guid":{"rendered":"https:\/\/encuentroinformativo.com.mx\/?p=45941"},"modified":"2023-10-01T22:15:15","modified_gmt":"2023-10-02T04:15:15","slug":"mueren-bebe-y-abuelita-en-accidente-automovilistico","status":"publish","type":"post","link":"https:\/\/encuentroinformativo.com.mx\/?p=45941","title":{"rendered":"Mueren beb\u00e9 y abuelita en accidente automovil\u00edstico"},"content":{"rendered":"\n<p><strong>Juan Arcos <\/strong><\/p>\n\n\n\n<p>Xalapa, Ver.- Un beb\u00e9 de 44 d\u00edas de nacido y su abuela fallecieron tras un tr\u00e1gico accidente sobre la carretera federal Trans\u00edsmica, entre los municipios de Acayucan y Sayula de Alem\u00e1n, en la zona sur del estado de Veracruz.<\/p>\n\n\n\n<p>La ma\u00f1ana de este domingo 1 de octubre, cuatro integrantes de una familia oriunda del municipio de Jos\u00e9 Azueta viajaban a bordo de un taxi y chocaron contra un autob\u00fas de la l\u00ednea Autobuses de Oriente (ADO), a la altura del kil\u00f3metro 64, frente al entronque de la autopista Cosoleacaque-La Tinaja.<\/p>\n\n\n\n<p>La unidad de alquiler qued\u00f3 totalmente destrozada y los pasajeros gravemente heridos al interior. Param\u00e9dicos de Caminos y Puentes Federales (Capufe), con apoyo de Protecci\u00f3n Civil de Acayucan, Oluta y Sayula de a Alem\u00e1n, brindaron asistencia prehospitalaria a las personas.<\/p>\n\n\n\n<p>Sin embargo, horas despu\u00e9s se report\u00f3 el fallecimiento de Matilde Alegr\u00eda Morales, de 54 a\u00f1os de edad, y su nieto \u00c1ngel Gabriel, de apenas 44 d\u00edas de nacido. La madre del peque\u00f1o, Julissa Vargas Mart\u00ednez, de 25 a\u00f1os, y su pareja el taxista Adolfo Segundo Alegr\u00eda, de 31 a\u00f1os, se debaten entre la vida y la muerte.<\/p>\n\n\n\n<p>De acuerdo con versiones extraoficiales, el conductor del autob\u00fas obstruy\u00f3 la circulaci\u00f3n vehicular al tratar de ganar el paso, quien posteriormente se dio a la fuga cuando se percat\u00f3 de la magnitud del accidente que hab\u00eda ocasionado.<\/p>\n\n\n\n<p>La familia afectada viajaba con direcci\u00f3n a la ciudad de Acayucan, presuntamente a una cita m\u00e9dica; sin embargo, dos de sus integrantes encontraron la muerte tras el fuerte accidente.<\/p>\n\n\n\n<p>La Fiscal\u00eda General del Estado (FGE), a cargo de Ver\u00f3nica Hern\u00e1ndez Giad\u00e1ns, inici\u00f3 la carpeta de investigaci\u00f3n tras el levantamiento de los cuerpos. Tambi\u00e9n la Guardia Nacional (GN) llev\u00f3 a cabo su peritaje correspondiente.<\/p>\n\n\n\n<p>En el tramo carretero Acayucan-Sayula de Alem\u00e1n se han registrado decenas de accidentes y algunos de estos han terminado en tragedia. Los automovilistas han manifestado que hacen falta reductores de velocidad para prevenir m\u00e1s percances.<\/p>\n\n\n\n<figure class=\"wp-block-image size-large\"><img loading=\"lazy\" decoding=\"async\" width=\"1024\" height=\"608\" src=\"https:\/\/encuentroinformativo.com.mx\/wp-content\/uploads\/2023\/10\/IMG_66112-1024x608.jpg\" alt=\"\" class=\"wp-image-45943\" srcset=\"https:\/\/encuentroinformativo.com.mx\/wp-content\/uploads\/2023\/10\/IMG_66112-1024x608.jpg 1024w, https:\/\/encuentroinformativo.com.mx\/wp-content\/uploads\/2023\/10\/IMG_66112-300x178.jpg 300w, https:\/\/encuentroinformativo.com.mx\/wp-content\/uploads\/2023\/10\/IMG_66112-768x456.jpg 768w, https:\/\/encuentroinformativo.com.mx\/wp-content\/uploads\/2023\/10\/IMG_66112.jpg 1199w\" sizes=\"auto, (max-width: 1024px) 100vw, 1024px\" \/><\/figure>\n","protected":false},"excerpt":{"rendered":"<p>Juan Arcos Xalapa, Ver.- Un beb\u00e9 de 44 d\u00edas de nacido y su abuela fallecieron tras un tr\u00e1gico accidente sobre la carretera federal Trans\u00edsmica, entre los municipios de Acayucan y Sayula de Alem\u00e1n, en la zona sur del estado de Veracruz. La ma\u00f1ana de este domingo 1 de octubre, cuatro integrantes de una familia oriunda [&hellip;]<\/p>\n","protected":false},"author":2476,"featured_media":45942,"comment_status":"open","ping_status":"open","sticky":false,"template":"","format":"standard","meta":{"_jetpack_memberships_contains_paid_content":false,"footnotes":""},"categories":[14],"tags":[],"class_list":["post-45941","post","type-post","status-publish","format-standard","has-post-thumbnail","hentry","category-policiaca"],"jetpack_featured_media_url":"https:\/\/encuentroinformativo.com.mx\/wp-content\/uploads\/2023\/10\/IMG_6610.jpg","jetpack_sharing_enabled":true,"jetpack_likes_enabled":true,"amp_enabled":true,"_links":{"self":[{"href":"https:\/\/encuentroinformativo.com.mx\/index.php?rest_route=\/wp\/v2\/posts\/45941","targetHints":{"allow":["GET"]}}],"collection":[{"href":"https:\/\/encuentroinformativo.com.mx\/index.php?rest_route=\/wp\/v2\/posts"}],"about":[{"href":"https:\/\/encuentroinformativo.com.mx\/index.php?rest_route=\/wp\/v2\/types\/post"}],"author":[{"embeddable":true,"href":"https:\/\/encuentroinformativo.com.mx\/index.php?rest_route=\/wp\/v2\/users\/2476"}],"replies":[{"embeddable":true,"href":"https:\/\/encuentroinformativo.com.mx\/index.php?rest_route=%2Fwp%2Fv2%2Fcomments&post=45941"}],"version-history":[{"count":1,"href":"https:\/\/encuentroinformativo.com.mx\/index.php?rest_route=\/wp\/v2\/posts\/45941\/revisions"}],"predecessor-version":[{"id":45944,"href":"https:\/\/encuentroinformativo.com.mx\/index.php?rest_route=\/wp\/v2\/posts\/45941\/revisions\/45944"}],"wp:featuredmedia":[{"embeddable":true,"href":"https:\/\/encuentroinformativo.com.mx\/index.php?rest_route=\/wp\/v2\/media\/45942"}],"wp:attachment":[{"href":"https:\/\/encuentroinformativo.com.mx\/index.php?rest_route=%2Fwp%2Fv2%2Fmedia&parent=45941"}],"wp:term":[{"taxonomy":"category","embeddable":true,"href":"https:\/\/encuentroinformativo.com.mx\/index.php?rest_route=%2Fwp%2Fv2%2Fcategories&post=45941"},{"taxonomy":"post_tag","embeddable":true,"href":"https:\/\/encuentroinformativo.com.mx\/index.php?rest_route=%2Fwp%2Fv2%2Ftags&post=45941"}],"curies":[{"name":"wp","href":"https:\/\/api.w.org\/{rel}","templated":true}]}}