{"id":45947,"date":"2023-10-02T11:26:19","date_gmt":"2023-10-02T17:26:19","guid":{"rendered":"https:\/\/encuentroinformativo.com.mx\/?p=45947"},"modified":"2023-10-02T11:26:22","modified_gmt":"2023-10-02T17:26:22","slug":"lanzan-convocatoria-para-reconocer-a-impulsores-del-deporte","status":"publish","type":"post","link":"https:\/\/encuentroinformativo.com.mx\/?p=45947","title":{"rendered":"Lanzan convocatoria para reconocer a impulsores del deporte"},"content":{"rendered":"\n<p><strong>Alejandro \u00c1vila<\/strong><\/p>\n\n\n\n<p>Veracruz, Ver.- El Ayuntamiento de Veracruz lanz\u00f3 una convocatoria para que los ciudadanos propongan a impulsores del deporte en en el municipio; estos ser\u00e1n galardonados en una sesi\u00f3n de Cabildo el pr\u00f3ximo mes de noviembre, inform\u00f3 el director de Fomento Deportivo, Jos\u00e9 Antonio Salvatori Arjona.<\/p>\n\n\n\n<p>&#8220;Se est\u00e1 convocando toda la ciudadan\u00eda de Veracruz a que participe en esta convocatoria, Pilares del Deporte, donde su objetivo es que se buscan a las personas que han impulsado el deporte ya sea de manera popular o de manera amateur en el municipio de Veracruz, ya sea como deportista, como instructor, como promotor&#8221;, apunt\u00f3.<\/p>\n\n\n\n<p>Cabe aclarar que toda propuesta debe de ser de una persona nacida en el puerto de Veracruz, y el reconocimiento ser\u00e1 para alguien que est\u00e9 en activo o un homenaje p\u00f3stumo; de todos los curr\u00edculums enviados se escoger\u00e1n a 10 personas.<\/p>\n\n\n\n<p>&#8220;La premiaci\u00f3n, se entregar\u00e1 un reconocimiento en sesi\u00f3n solemne en Palacio Municipal, se llevan a cabo 10 torneos deportivos dependiendo la disciplina en que participaron estas personas, y ser\u00e1n catalogados como Pilares del Deporte, se develar\u00e1 por \u00faltimo una placa conmemorativa en una Unidad Deportiva&#8221;, destac\u00f3.<\/p>\n\n\n\n<p>Los curr\u00edculos se recibir\u00e1n durante todo el mes de octubre y, el martes 28 de noviembre se har\u00e1 la sesi\u00f3n solemne de Cabildo para entregar el reconocimiento.<\/p>\n\n\n\n<p>&#8220;Los torneos ser\u00e1n ya para el pr\u00f3ximo a\u00f1o igual que la placa conmemorativa, se tiene pensado para abril del 2024&#8221;, remat\u00f3.<\/p>\n","protected":false},"excerpt":{"rendered":"<p>Alejandro \u00c1vila Veracruz, Ver.- El Ayuntamiento de Veracruz lanz\u00f3 una convocatoria para que los ciudadanos propongan a impulsores del deporte en en el municipio; estos ser\u00e1n galardonados en una sesi\u00f3n de Cabildo el pr\u00f3ximo mes de noviembre, inform\u00f3 el director de Fomento Deportivo, Jos\u00e9 Antonio Salvatori Arjona. &#8220;Se est\u00e1 convocando toda la ciudadan\u00eda de Veracruz [&hellip;]<\/p>\n","protected":false},"author":2476,"featured_media":45948,"comment_status":"open","ping_status":"open","sticky":false,"template":"","format":"standard","meta":{"_jetpack_memberships_contains_paid_content":false,"footnotes":""},"categories":[2],"tags":[],"class_list":["post-45947","post","type-post","status-publish","format-standard","has-post-thumbnail","hentry","category-estado"],"jetpack_featured_media_url":"https:\/\/encuentroinformativo.com.mx\/wp-content\/uploads\/2023\/10\/IMG-20231002-WA0014.jpg","jetpack_sharing_enabled":true,"jetpack_likes_enabled":true,"amp_enabled":true,"_links":{"self":[{"href":"https:\/\/encuentroinformativo.com.mx\/index.php?rest_route=\/wp\/v2\/posts\/45947","targetHints":{"allow":["GET"]}}],"collection":[{"href":"https:\/\/encuentroinformativo.com.mx\/index.php?rest_route=\/wp\/v2\/posts"}],"about":[{"href":"https:\/\/encuentroinformativo.com.mx\/index.php?rest_route=\/wp\/v2\/types\/post"}],"author":[{"embeddable":true,"href":"https:\/\/encuentroinformativo.com.mx\/index.php?rest_route=\/wp\/v2\/users\/2476"}],"replies":[{"embeddable":true,"href":"https:\/\/encuentroinformativo.com.mx\/index.php?rest_route=%2Fwp%2Fv2%2Fcomments&post=45947"}],"version-history":[{"count":1,"href":"https:\/\/encuentroinformativo.com.mx\/index.php?rest_route=\/wp\/v2\/posts\/45947\/revisions"}],"predecessor-version":[{"id":45949,"href":"https:\/\/encuentroinformativo.com.mx\/index.php?rest_route=\/wp\/v2\/posts\/45947\/revisions\/45949"}],"wp:featuredmedia":[{"embeddable":true,"href":"https:\/\/encuentroinformativo.com.mx\/index.php?rest_route=\/wp\/v2\/media\/45948"}],"wp:attachment":[{"href":"https:\/\/encuentroinformativo.com.mx\/index.php?rest_route=%2Fwp%2Fv2%2Fmedia&parent=45947"}],"wp:term":[{"taxonomy":"category","embeddable":true,"href":"https:\/\/encuentroinformativo.com.mx\/index.php?rest_route=%2Fwp%2Fv2%2Fcategories&post=45947"},{"taxonomy":"post_tag","embeddable":true,"href":"https:\/\/encuentroinformativo.com.mx\/index.php?rest_route=%2Fwp%2Fv2%2Ftags&post=45947"}],"curies":[{"name":"wp","href":"https:\/\/api.w.org\/{rel}","templated":true}]}}