{"id":45956,"date":"2023-10-02T12:23:47","date_gmt":"2023-10-02T18:23:47","guid":{"rendered":"https:\/\/encuentroinformativo.com.mx\/?p=45956"},"modified":"2023-10-02T12:23:53","modified_gmt":"2023-10-02T18:23:53","slug":"marcelistas-en-veracruz-niegan-que-trabajaran-a-favor-de-sheinbaum","status":"publish","type":"post","link":"https:\/\/encuentroinformativo.com.mx\/?p=45956","title":{"rendered":"Marcelistas en Veracruz, niegan que trabajar\u00e1n a favor de Sheinbaum"},"content":{"rendered":"\n<p><strong>Dar\u00edo Pale <\/strong><\/p>\n\n\n\n<p>Xalapa, Ver.- Marcelistas de Veracruz no se sumar\u00e1n a Sheinbaum, comentaron que Antonio Luna no los representa, as\u00ed lo se\u00f1alaron integrantes de la denominada Hermandad de Expresiones Veracruzanas por Marcelo.<\/p>\n\n\n\n<p>En conferencia de prensa negaron que vayan a sumarse al equipo de Claudia Sheimbaum, como lo prometi\u00f3 el diputado local Ant\u00f3nio Luna Rosales.<\/p>\n\n\n\n<p>Quienes apoyaron al exsecretario de Relaciones Exteriores en el proceso interno de Morena, aclararon que no trabajan con Luna Rosales ni con ning\u00fan diputado, diputada, todos son expresiones ciudadanas.<\/p>\n\n\n\n<p>&#8220;Este diputado Antonio Luna declar\u00f3 que no hubo dedazo, que no hubo violaciones en el proceso de selecci\u00f3n del representante del Comit\u00e9 de Defensa de la Cuarta Transformaci\u00f3n&#8221;, se\u00f1alaron.<\/p>\n\n\n\n<p>&#8220;Y se present\u00f3 con un grupo de ciudadanos que dijeron que eran marcelistas y que actualmente los marcelistas se estaban decidiendo por trabajar con la doctora Claudia&#8221;, agreg\u00f3 Janeth Saucedo Mart\u00ednez.<\/p>\n\n\n\n<p>Reconoci\u00f3 que algunos marcelistas est\u00e1n con el legislador, pero en ning\u00fan momento fue el coordinador de todas las expresiones a favor de Marcelo Ebrard.<\/p>\n\n\n\n<p>Por su parte, Durany Callejas Gonz\u00e1lez, manifest\u00f3 que cada una de las 44 expresiones tiene representaci\u00f3n a lo largo de la Entidad y todos los que conforman dicha hermandad seguir\u00e1n apoyando al exfuncionario federal.<\/p>\n\n\n\n<p>Por \u00faltimo, Rafael P\u00e9rez S\u00e1nchez, opin\u00f3 que Marcelo Ebrard es el m\u00e1s calificado para asumir la presidencia del Pa\u00eds.<\/p>\n","protected":false},"excerpt":{"rendered":"<p>Dar\u00edo Pale Xalapa, Ver.- Marcelistas de Veracruz no se sumar\u00e1n a Sheinbaum, comentaron que Antonio Luna no los representa, as\u00ed lo se\u00f1alaron integrantes de la denominada Hermandad de Expresiones Veracruzanas por Marcelo. En conferencia de prensa negaron que vayan a sumarse al equipo de Claudia Sheimbaum, como lo prometi\u00f3 el diputado local Ant\u00f3nio Luna Rosales. [&hellip;]<\/p>\n","protected":false},"author":2476,"featured_media":45957,"comment_status":"open","ping_status":"open","sticky":false,"template":"","format":"standard","meta":{"_jetpack_memberships_contains_paid_content":false,"footnotes":""},"categories":[2],"tags":[],"class_list":["post-45956","post","type-post","status-publish","format-standard","has-post-thumbnail","hentry","category-estado"],"jetpack_featured_media_url":"https:\/\/encuentroinformativo.com.mx\/wp-content\/uploads\/2023\/10\/IMG-20231002-WA0024.jpg","jetpack_sharing_enabled":true,"jetpack_likes_enabled":true,"amp_enabled":true,"_links":{"self":[{"href":"https:\/\/encuentroinformativo.com.mx\/index.php?rest_route=\/wp\/v2\/posts\/45956","targetHints":{"allow":["GET"]}}],"collection":[{"href":"https:\/\/encuentroinformativo.com.mx\/index.php?rest_route=\/wp\/v2\/posts"}],"about":[{"href":"https:\/\/encuentroinformativo.com.mx\/index.php?rest_route=\/wp\/v2\/types\/post"}],"author":[{"embeddable":true,"href":"https:\/\/encuentroinformativo.com.mx\/index.php?rest_route=\/wp\/v2\/users\/2476"}],"replies":[{"embeddable":true,"href":"https:\/\/encuentroinformativo.com.mx\/index.php?rest_route=%2Fwp%2Fv2%2Fcomments&post=45956"}],"version-history":[{"count":1,"href":"https:\/\/encuentroinformativo.com.mx\/index.php?rest_route=\/wp\/v2\/posts\/45956\/revisions"}],"predecessor-version":[{"id":45958,"href":"https:\/\/encuentroinformativo.com.mx\/index.php?rest_route=\/wp\/v2\/posts\/45956\/revisions\/45958"}],"wp:featuredmedia":[{"embeddable":true,"href":"https:\/\/encuentroinformativo.com.mx\/index.php?rest_route=\/wp\/v2\/media\/45957"}],"wp:attachment":[{"href":"https:\/\/encuentroinformativo.com.mx\/index.php?rest_route=%2Fwp%2Fv2%2Fmedia&parent=45956"}],"wp:term":[{"taxonomy":"category","embeddable":true,"href":"https:\/\/encuentroinformativo.com.mx\/index.php?rest_route=%2Fwp%2Fv2%2Fcategories&post=45956"},{"taxonomy":"post_tag","embeddable":true,"href":"https:\/\/encuentroinformativo.com.mx\/index.php?rest_route=%2Fwp%2Fv2%2Ftags&post=45956"}],"curies":[{"name":"wp","href":"https:\/\/api.w.org\/{rel}","templated":true}]}}