{"id":45959,"date":"2023-10-02T12:37:18","date_gmt":"2023-10-02T18:37:18","guid":{"rendered":"https:\/\/encuentroinformativo.com.mx\/?p=45959"},"modified":"2023-10-02T12:37:23","modified_gmt":"2023-10-02T18:37:23","slug":"habitantes-de-coatepec-insisten-en-detener-explotacion-de-bancos-de-arena","status":"publish","type":"post","link":"https:\/\/encuentroinformativo.com.mx\/?p=45959","title":{"rendered":"Habitantes de Coatepec, insisten en detener explotaci\u00f3n de bancos de arena"},"content":{"rendered":"\n<p><strong>Dar\u00edo Pale\/Juan Arcos  <\/strong><\/p>\n\n\n\n<p>Xalapa, Ver.- Habitantes de Coatepec insisten en que se detenga extracci\u00f3n de arena debido a que afectan mantos acu\u00edferos, ya que hasta ahora no se ha detenido la explotaci\u00f3n de arenales que afecta a los yacimientos de agua.<\/p>\n\n\n\n<p>En conferencia de prensa aseguran que son siente de los que se ha extra\u00eddo este material para la construcci\u00f3n desde el 2021, de los cuales s\u00f3lo uno es usado para la extracci\u00f3n, pero que afecta a la filtraci\u00f3n del l\u00edquido de d\u00f3nde se abastecen al rededor de mil personas.\u00a0<\/p>\n\n\n\n<p>Durante una manifestaci\u00f3n en Xalapa mostraron fotograf\u00edas del color oscuro que ahora tiene el agua, desmintieron que sea un movimiento pol\u00edtico como lo se\u00f1alaron algunas autoridades.<\/p>\n\n\n\n<p>&#8220;Es evidente que es una sobre explotaci\u00f3n debido al flujo de camiones que llegan&#8221; manifest\u00f3 Fernando Conde, habitante de dicha localidad.\u00a0<br>Entregaron un oficio al gobernador del estado y est\u00e1n a la espera de su respuesta, ya que solo buscan proteger los yacimientos de agua, ya que de lo contrario toda la comunidad de la Laguna se quedar\u00eda sin agua.<\/p>\n\n\n\n<p>Del mismo modo, se\u00f1alaron que est\u00e1n sobre explotando los arenales debido al flujo de camiones que est\u00e1n saliendo de esa zona, y se est\u00e1n cuidando entre ellos como comitiva y dijo que no teme ya que saben a lo que se atienen.<\/p>\n\n\n\n<p>Las personas entregaron un oficio dirigido al gobernador Cuitl\u00e1huac Garc\u00eda Jim\u00e9nez para solicitarle que cese la extracci\u00f3n de arena en la zona.<\/p>\n\n\n\n<p>\u201cNosotros solo buscamos la protecci\u00f3n de nuestros yacimientos, ya que somos alrededor de mil habitantes los que nos abastecemos de ellos, a nosotros no nos mandan agua de ning\u00fan otro lado\u201d.<\/p>\n\n\n\n<p>La explotaci\u00f3n de arenales ha ocasionado que el agua cristalina ahora tenga tonalidades verdosas. Adem\u00e1s, se ha visto una disminuci\u00f3n en los niveles.<\/p>\n\n\n\n<p>\u201cSon siete arenales los que se encuentran, en activo eran tres y ahora solo es uno. Como saben los yacimientos se dan a trav\u00e9s de los escurrimientos y de estos filtros, en este caso la arena, que es un muy buen filtro\u201d.<\/p>\n\n\n\n<p>Los arenales han sido explotados desde el a\u00f1o 2021 y las afectaciones ahora son considerables en la zona. La gente dijo desconocer si la arena est\u00e1 siendo utilizada para la construcci\u00f3n de la segunda etapa del libramiento de Coatepec.<\/p>\n\n\n\n<figure class=\"wp-block-image size-large\"><img loading=\"lazy\" decoding=\"async\" width=\"1024\" height=\"768\" src=\"https:\/\/encuentroinformativo.com.mx\/wp-content\/uploads\/2023\/10\/IMG_6668-1024x768.jpg\" alt=\"\" class=\"wp-image-45961\" srcset=\"https:\/\/encuentroinformativo.com.mx\/wp-content\/uploads\/2023\/10\/IMG_6668-1024x768.jpg 1024w, https:\/\/encuentroinformativo.com.mx\/wp-content\/uploads\/2023\/10\/IMG_6668-300x225.jpg 300w, https:\/\/encuentroinformativo.com.mx\/wp-content\/uploads\/2023\/10\/IMG_6668-768x576.jpg 768w, https:\/\/encuentroinformativo.com.mx\/wp-content\/uploads\/2023\/10\/IMG_6668-1536x1152.jpg 1536w, https:\/\/encuentroinformativo.com.mx\/wp-content\/uploads\/2023\/10\/IMG_6668.jpg 2016w\" sizes=\"auto, (max-width: 1024px) 100vw, 1024px\" \/><\/figure>\n","protected":false},"excerpt":{"rendered":"<p>Dar\u00edo Pale\/Juan Arcos Xalapa, Ver.- Habitantes de Coatepec insisten en que se detenga extracci\u00f3n de arena debido a que afectan mantos acu\u00edferos, ya que hasta ahora no se ha detenido la explotaci\u00f3n de arenales que afecta a los yacimientos de agua. En conferencia de prensa aseguran que son siente de los que se ha extra\u00eddo [&hellip;]<\/p>\n","protected":false},"author":2476,"featured_media":45960,"comment_status":"open","ping_status":"open","sticky":false,"template":"","format":"standard","meta":{"_jetpack_memberships_contains_paid_content":false,"footnotes":""},"categories":[8],"tags":[],"class_list":["post-45959","post","type-post","status-publish","format-standard","has-post-thumbnail","hentry","category-region"],"jetpack_featured_media_url":"https:\/\/encuentroinformativo.com.mx\/wp-content\/uploads\/2023\/10\/IMG-20231002-WA0036.jpg","jetpack_sharing_enabled":true,"jetpack_likes_enabled":true,"amp_enabled":true,"_links":{"self":[{"href":"https:\/\/encuentroinformativo.com.mx\/index.php?rest_route=\/wp\/v2\/posts\/45959","targetHints":{"allow":["GET"]}}],"collection":[{"href":"https:\/\/encuentroinformativo.com.mx\/index.php?rest_route=\/wp\/v2\/posts"}],"about":[{"href":"https:\/\/encuentroinformativo.com.mx\/index.php?rest_route=\/wp\/v2\/types\/post"}],"author":[{"embeddable":true,"href":"https:\/\/encuentroinformativo.com.mx\/index.php?rest_route=\/wp\/v2\/users\/2476"}],"replies":[{"embeddable":true,"href":"https:\/\/encuentroinformativo.com.mx\/index.php?rest_route=%2Fwp%2Fv2%2Fcomments&post=45959"}],"version-history":[{"count":1,"href":"https:\/\/encuentroinformativo.com.mx\/index.php?rest_route=\/wp\/v2\/posts\/45959\/revisions"}],"predecessor-version":[{"id":45962,"href":"https:\/\/encuentroinformativo.com.mx\/index.php?rest_route=\/wp\/v2\/posts\/45959\/revisions\/45962"}],"wp:featuredmedia":[{"embeddable":true,"href":"https:\/\/encuentroinformativo.com.mx\/index.php?rest_route=\/wp\/v2\/media\/45960"}],"wp:attachment":[{"href":"https:\/\/encuentroinformativo.com.mx\/index.php?rest_route=%2Fwp%2Fv2%2Fmedia&parent=45959"}],"wp:term":[{"taxonomy":"category","embeddable":true,"href":"https:\/\/encuentroinformativo.com.mx\/index.php?rest_route=%2Fwp%2Fv2%2Fcategories&post=45959"},{"taxonomy":"post_tag","embeddable":true,"href":"https:\/\/encuentroinformativo.com.mx\/index.php?rest_route=%2Fwp%2Fv2%2Ftags&post=45959"}],"curies":[{"name":"wp","href":"https:\/\/api.w.org\/{rel}","templated":true}]}}