{"id":4597,"date":"2020-08-02T15:09:48","date_gmt":"2020-08-02T20:09:48","guid":{"rendered":"https:\/\/encuentroinformativo.com\/?p=4597"},"modified":"2020-08-02T15:10:00","modified_gmt":"2020-08-02T20:10:00","slug":"alumnos-carecen-de-computadoras-para-iniciar-ciclo-escolar-maestro","status":"publish","type":"post","link":"https:\/\/encuentroinformativo.com.mx\/?p=4597","title":{"rendered":"Alumnos carecen de computadoras para iniciar ciclo escolar: Maestro"},"content":{"rendered":"\n<p><strong>Juan Arcos <\/strong><\/p>\n\n\n\n<p>Xalapa, Ver.- Hay alumnos que no tendr\u00e1n oportunidad de acceder a sus clases de manera virtual por falta de herramientas tecnol\u00f3gicas, consider\u00f3 Alberto Baizabal L\u00f3pez, profesor de nivel b\u00e1sico en Acayucan.<\/p>\n\n\n\n<p>El entrevistado mencion\u00f3 que dicha situaci\u00f3n es m\u00e1s notoria en comunidades rurales, donde la mayor\u00eda de las familias son de escasos recursos.<\/p>\n\n\n\n<p>\u201cVamos a regresar de manera virtual y debemos enfocarnos en que hay alumnos que no tienen la posibilidad de tomar estas clases de manera virtual\u201d.<\/p>\n\n\n\n<p>El docente de Educaci\u00f3n F\u00edsica indic\u00f3 que es necesario elaborar una estrategia para que las clases virtuales lleguen a un mayor n\u00famero de estudiantes.<\/p>\n\n\n\n<p>\u201cEntonces debemos puntualizar en eso, sabes c\u00f3mo vamos a impartir las clases, c\u00f3mo vamos a entregar este conocimiento a los alumnos\u201d.<\/p>\n\n\n\n<p>En ese sentido, dijo regresar a clases con entusiasmo y con ganas de convivir nuevamente con sus alumnos, aunque esto sea posible \u00fanicamente mediante plataformas digitales.<\/p>\n\n\n\n<p>\u201cHay que tomar en cuenta puntos m\u00e1s importantes y no enfocarnos en temas que no nos van a ayudar tanto en esta nueva normalidad o en esta situaci\u00f3n que estamos viviendo\u201d, a\u00f1adi\u00f3 Baizabal L\u00f3pez.<\/p>\n\n\n\n<p><\/p>\n","protected":false},"excerpt":{"rendered":"<p>Juan Arcos Xalapa, Ver.- Hay alumnos que no tendr\u00e1n oportunidad de acceder a sus clases de manera virtual por falta de herramientas tecnol\u00f3gicas, consider\u00f3 Alberto Baizabal L\u00f3pez, profesor de nivel b\u00e1sico en Acayucan. El entrevistado mencion\u00f3 que dicha situaci\u00f3n es m\u00e1s notoria en comunidades rurales, donde la mayor\u00eda de las familias son de escasos recursos. [&hellip;]<\/p>\n","protected":false},"author":1,"featured_media":4598,"comment_status":"open","ping_status":"open","sticky":false,"template":"","format":"standard","meta":{"_jetpack_memberships_contains_paid_content":false,"footnotes":""},"categories":[2],"tags":[],"class_list":["post-4597","post","type-post","status-publish","format-standard","has-post-thumbnail","hentry","category-estado"],"jetpack_featured_media_url":"https:\/\/encuentroinformativo.com.mx\/wp-content\/uploads\/2020\/08\/7FAF2289-C5F5-43B8-813F-F8FED462575E.jpeg","jetpack_sharing_enabled":true,"jetpack_likes_enabled":true,"amp_enabled":true,"_links":{"self":[{"href":"https:\/\/encuentroinformativo.com.mx\/index.php?rest_route=\/wp\/v2\/posts\/4597","targetHints":{"allow":["GET"]}}],"collection":[{"href":"https:\/\/encuentroinformativo.com.mx\/index.php?rest_route=\/wp\/v2\/posts"}],"about":[{"href":"https:\/\/encuentroinformativo.com.mx\/index.php?rest_route=\/wp\/v2\/types\/post"}],"author":[{"embeddable":true,"href":"https:\/\/encuentroinformativo.com.mx\/index.php?rest_route=\/wp\/v2\/users\/1"}],"replies":[{"embeddable":true,"href":"https:\/\/encuentroinformativo.com.mx\/index.php?rest_route=%2Fwp%2Fv2%2Fcomments&post=4597"}],"version-history":[{"count":1,"href":"https:\/\/encuentroinformativo.com.mx\/index.php?rest_route=\/wp\/v2\/posts\/4597\/revisions"}],"predecessor-version":[{"id":4599,"href":"https:\/\/encuentroinformativo.com.mx\/index.php?rest_route=\/wp\/v2\/posts\/4597\/revisions\/4599"}],"wp:featuredmedia":[{"embeddable":true,"href":"https:\/\/encuentroinformativo.com.mx\/index.php?rest_route=\/wp\/v2\/media\/4598"}],"wp:attachment":[{"href":"https:\/\/encuentroinformativo.com.mx\/index.php?rest_route=%2Fwp%2Fv2%2Fmedia&parent=4597"}],"wp:term":[{"taxonomy":"category","embeddable":true,"href":"https:\/\/encuentroinformativo.com.mx\/index.php?rest_route=%2Fwp%2Fv2%2Fcategories&post=4597"},{"taxonomy":"post_tag","embeddable":true,"href":"https:\/\/encuentroinformativo.com.mx\/index.php?rest_route=%2Fwp%2Fv2%2Ftags&post=4597"}],"curies":[{"name":"wp","href":"https:\/\/api.w.org\/{rel}","templated":true}]}}