{"id":45988,"date":"2023-10-03T09:40:29","date_gmt":"2023-10-03T15:40:29","guid":{"rendered":"https:\/\/encuentroinformativo.com.mx\/?p=45988"},"modified":"2023-10-03T09:40:32","modified_gmt":"2023-10-03T15:40:32","slug":"ivd-quito-bolerama-a-particular-quedara-bajo-administracion-del-instituto","status":"publish","type":"post","link":"https:\/\/encuentroinformativo.com.mx\/?p=45988","title":{"rendered":"IVD quit\u00f3 Bolerama a particular, quedar\u00e1 bajo administraci\u00f3n del instituto"},"content":{"rendered":"\n<p><strong>Alejandro \u00c1vila<\/strong><\/p>\n\n\n\n<p>Boca del R\u00edo, Ver.- El pasado 19 de julio, personal del Instituto Veracruzano del Deporte (IVD) ingres\u00f3 al Bolerama de Boca del R\u00edo, para tomar posesi\u00f3n del inmueble.<\/p>\n\n\n\n<p>En la entrevista, Jos\u00e9 Alberto Nava Lozano, director del IVD, confirm\u00f3 que el recinto se encontraba bajo la administraci\u00f3n de un particular, al que le fue concesionado el lugar una vez terminados los Juegos Centroamericanos y del Caribe Veracruz 2014.<\/p>\n\n\n\n<p>&#8220;Ahorita ya logramos recuperarlo, se le est\u00e1 dando mantenimiento como tal para volverlo a rehabilitar, se va a lanzar una convocatoria para que la gente vuelva nuevamente a utilizarlo, y obviamente ya queda bajo la administraci\u00f3n del Instituto&#8221;.<\/p>\n\n\n\n<p>&#8220;S\u00ed, la administraci\u00f3n la va a tener el Instituto y es boliche, bolerama (\u2026) estamos ahorita trabajando en el tema de plafones, de reparar algunas m\u00e1quinas que ten\u00edan algunos desperfectos, entonces esperamos que a m\u00e1s tardar, a lo mejor un mes, que ya est\u00e9 con las condiciones para que la gente pueda volver&#8221;, explic\u00f3.<\/p>\n\n\n\n<p>Este inmueble fue construido con recurso estatal para la junta deportiva centroamericana; y a decir de Nava Lozano, el Gobierno de Veracruz a trav\u00e9s de la Secretar\u00eda de Educaci\u00f3n, solicit\u00f3 recuperar todos los bienes propiedades del estado.<\/p>\n\n\n\n<p>&#8220;La situaci\u00f3n es que se nos pide a nosotros regularizar todos los bienes que son del Estado y que en ese entonces eran de Centroamericanos y que ten\u00edan que quedarse, en este caso, en la administraci\u00f3n del Instituto. Se han estado recuperando, en este caso el Bolerama pas\u00f3 a ser nuevamente de la administraci\u00f3n del Instituto&#8221;, culmin\u00f3.<\/p>\n","protected":false},"excerpt":{"rendered":"<p>Alejandro \u00c1vila Boca del R\u00edo, Ver.- El pasado 19 de julio, personal del Instituto Veracruzano del Deporte (IVD) ingres\u00f3 al Bolerama de Boca del R\u00edo, para tomar posesi\u00f3n del inmueble. En la entrevista, Jos\u00e9 Alberto Nava Lozano, director del IVD, confirm\u00f3 que el recinto se encontraba bajo la administraci\u00f3n de un particular, al que le [&hellip;]<\/p>\n","protected":false},"author":2476,"featured_media":45989,"comment_status":"open","ping_status":"open","sticky":false,"template":"","format":"standard","meta":{"_jetpack_memberships_contains_paid_content":false,"footnotes":""},"categories":[2],"tags":[],"class_list":["post-45988","post","type-post","status-publish","format-standard","has-post-thumbnail","hentry","category-estado"],"jetpack_featured_media_url":"https:\/\/encuentroinformativo.com.mx\/wp-content\/uploads\/2023\/10\/IMG-20231003-WA0013.jpg","jetpack_sharing_enabled":true,"jetpack_likes_enabled":true,"amp_enabled":true,"_links":{"self":[{"href":"https:\/\/encuentroinformativo.com.mx\/index.php?rest_route=\/wp\/v2\/posts\/45988","targetHints":{"allow":["GET"]}}],"collection":[{"href":"https:\/\/encuentroinformativo.com.mx\/index.php?rest_route=\/wp\/v2\/posts"}],"about":[{"href":"https:\/\/encuentroinformativo.com.mx\/index.php?rest_route=\/wp\/v2\/types\/post"}],"author":[{"embeddable":true,"href":"https:\/\/encuentroinformativo.com.mx\/index.php?rest_route=\/wp\/v2\/users\/2476"}],"replies":[{"embeddable":true,"href":"https:\/\/encuentroinformativo.com.mx\/index.php?rest_route=%2Fwp%2Fv2%2Fcomments&post=45988"}],"version-history":[{"count":1,"href":"https:\/\/encuentroinformativo.com.mx\/index.php?rest_route=\/wp\/v2\/posts\/45988\/revisions"}],"predecessor-version":[{"id":45990,"href":"https:\/\/encuentroinformativo.com.mx\/index.php?rest_route=\/wp\/v2\/posts\/45988\/revisions\/45990"}],"wp:featuredmedia":[{"embeddable":true,"href":"https:\/\/encuentroinformativo.com.mx\/index.php?rest_route=\/wp\/v2\/media\/45989"}],"wp:attachment":[{"href":"https:\/\/encuentroinformativo.com.mx\/index.php?rest_route=%2Fwp%2Fv2%2Fmedia&parent=45988"}],"wp:term":[{"taxonomy":"category","embeddable":true,"href":"https:\/\/encuentroinformativo.com.mx\/index.php?rest_route=%2Fwp%2Fv2%2Fcategories&post=45988"},{"taxonomy":"post_tag","embeddable":true,"href":"https:\/\/encuentroinformativo.com.mx\/index.php?rest_route=%2Fwp%2Fv2%2Ftags&post=45988"}],"curies":[{"name":"wp","href":"https:\/\/api.w.org\/{rel}","templated":true}]}}