{"id":45996,"date":"2023-10-03T13:10:35","date_gmt":"2023-10-03T19:10:35","guid":{"rendered":"https:\/\/encuentroinformativo.com.mx\/?p=45996"},"modified":"2023-10-03T13:10:39","modified_gmt":"2023-10-03T19:10:39","slug":"invitan-a-taller-para-elaboracion-de-gorros-oncologicos","status":"publish","type":"post","link":"https:\/\/encuentroinformativo.com.mx\/?p=45996","title":{"rendered":"Invitan a taller para elaboraci\u00f3n de gorros oncol\u00f3gicos"},"content":{"rendered":"\n<p><strong>Dar\u00edo Pale <\/strong><\/p>\n\n\n\n<p>Xalapa, Ver.- Minerva Segura directora de la asociaci\u00f3n \u201cMujeres Sembrando Esperanza\u201d, invit\u00f3 a la ciudadan\u00eda para que asista al taller de Elaboraci\u00f3n y Armado de Cortinas Oncol\u00f3gicas donde se ense\u00f1ar\u00e1 c\u00f3mo realizar corte de recolecci\u00f3n, selecci\u00f3n de cabello, extensiones de cabello, armado de cortinas y entrega de gorritos oncol\u00f3gicos, esto en el marco del mes de la prevenci\u00f3n del c\u00e1ncer.<\/p>\n\n\n\n<p>En conferencia de prensa se\u00f1al\u00f3 que el pr\u00f3ximo 7 y 8 de octubre se llevar\u00e1 a cabo el taller de Elaboraci\u00f3n y Armado de Cortinas Oncol\u00f3gicas, el cual se realizar\u00e1 en la calle Francisco Moreno n\u00famero 3 entre Ruiz Cortines y \u00c1vila Camacho de la colonia Ferrer Guardia.<\/p>\n\n\n\n<p>Explic\u00f3 que se trata de un trabajo que realizan en conjunto con el Instituto de Belleza Hadas y la agrupaci\u00f3n Mechones de Esperanza.<\/p>\n\n\n\n<p>La idea es aprender a c\u00f3mo realizar las cortinas y gorritos oncol\u00f3gicos para seguir sumando ayuda para las mujeres, ni\u00f1as y ni\u00f1os, que pierden el cabello a causa de sus tratamientos de lucha contra el c\u00e1ncer.<\/p>\n\n\n\n<p>&#8220;Estos gorritos nos los donan, este es un gorrito que realiza una ni\u00f1a con s\u00edndrome de down junto con su abuelita y esa es la parte que nosotros estamos trabajando y pidiendo el apoyo de toda la ciudadan\u00eda para que nos acompa\u00f1en\u201d, se\u00f1al\u00f3.<\/p>\n\n\n\n<p>La capacitaci\u00f3n ser\u00e1 de 3:00 de la tarde hasta las 8:00 de la noche y la invitaci\u00f3n est\u00e1 abierta para toda la poblaci\u00f3n que desee participar y ser solidaria.<\/p>\n\n\n\n<p>&#8220;Va dirigido a todas las personas que quienes acompa\u00f1arnos y poder apoyar m\u00e1s que otra cosa para ni\u00f1os y mujeres con c\u00e1ncer con la p\u00e9rdida de pelo. Que los podamos apoyar con su gorrito\u201d, coment\u00f3.<\/p>\n\n\n\n<p>Por \u00faltimo comentaron que para m\u00e1s informaci\u00f3n se puede ingresar a su cuenta en redes sociales donde se encuentran como Mujeres Sembrando Esperanza o al tel\u00e9fono \u202a2281 600 116.<\/p>\n","protected":false},"excerpt":{"rendered":"<p>Dar\u00edo Pale Xalapa, Ver.- Minerva Segura directora de la asociaci\u00f3n \u201cMujeres Sembrando Esperanza\u201d, invit\u00f3 a la ciudadan\u00eda para que asista al taller de Elaboraci\u00f3n y Armado de Cortinas Oncol\u00f3gicas donde se ense\u00f1ar\u00e1 c\u00f3mo realizar corte de recolecci\u00f3n, selecci\u00f3n de cabello, extensiones de cabello, armado de cortinas y entrega de gorritos oncol\u00f3gicos, esto en el marco [&hellip;]<\/p>\n","protected":false},"author":2476,"featured_media":45997,"comment_status":"open","ping_status":"open","sticky":false,"template":"","format":"standard","meta":{"_jetpack_memberships_contains_paid_content":false,"footnotes":""},"categories":[9],"tags":[],"class_list":["post-45996","post","type-post","status-publish","format-standard","has-post-thumbnail","hentry","category-salud"],"jetpack_featured_media_url":"https:\/\/encuentroinformativo.com.mx\/wp-content\/uploads\/2023\/10\/IMG-20231003-WA0030.jpg","jetpack_sharing_enabled":true,"jetpack_likes_enabled":true,"amp_enabled":true,"_links":{"self":[{"href":"https:\/\/encuentroinformativo.com.mx\/index.php?rest_route=\/wp\/v2\/posts\/45996","targetHints":{"allow":["GET"]}}],"collection":[{"href":"https:\/\/encuentroinformativo.com.mx\/index.php?rest_route=\/wp\/v2\/posts"}],"about":[{"href":"https:\/\/encuentroinformativo.com.mx\/index.php?rest_route=\/wp\/v2\/types\/post"}],"author":[{"embeddable":true,"href":"https:\/\/encuentroinformativo.com.mx\/index.php?rest_route=\/wp\/v2\/users\/2476"}],"replies":[{"embeddable":true,"href":"https:\/\/encuentroinformativo.com.mx\/index.php?rest_route=%2Fwp%2Fv2%2Fcomments&post=45996"}],"version-history":[{"count":1,"href":"https:\/\/encuentroinformativo.com.mx\/index.php?rest_route=\/wp\/v2\/posts\/45996\/revisions"}],"predecessor-version":[{"id":45998,"href":"https:\/\/encuentroinformativo.com.mx\/index.php?rest_route=\/wp\/v2\/posts\/45996\/revisions\/45998"}],"wp:featuredmedia":[{"embeddable":true,"href":"https:\/\/encuentroinformativo.com.mx\/index.php?rest_route=\/wp\/v2\/media\/45997"}],"wp:attachment":[{"href":"https:\/\/encuentroinformativo.com.mx\/index.php?rest_route=%2Fwp%2Fv2%2Fmedia&parent=45996"}],"wp:term":[{"taxonomy":"category","embeddable":true,"href":"https:\/\/encuentroinformativo.com.mx\/index.php?rest_route=%2Fwp%2Fv2%2Fcategories&post=45996"},{"taxonomy":"post_tag","embeddable":true,"href":"https:\/\/encuentroinformativo.com.mx\/index.php?rest_route=%2Fwp%2Fv2%2Ftags&post=45996"}],"curies":[{"name":"wp","href":"https:\/\/api.w.org\/{rel}","templated":true}]}}