{"id":46009,"date":"2023-10-03T14:26:06","date_gmt":"2023-10-03T20:26:06","guid":{"rendered":"https:\/\/encuentroinformativo.com.mx\/?p=46009"},"modified":"2023-10-03T14:26:09","modified_gmt":"2023-10-03T20:26:09","slug":"en-veracruz-persecucion-y-detonaciones-cerca-del-seminario-san-jose","status":"publish","type":"post","link":"https:\/\/encuentroinformativo.com.mx\/?p=46009","title":{"rendered":"En Veracruz, persecuci\u00f3n y detonaciones cerca del Seminario &#8220;San Jos\u00e9&#8221;"},"content":{"rendered":"\n<p><strong>Alejandro \u00c1vila<\/strong><\/p>\n\n\n\n<p>Veracruz, Ver.- Momentos de tensi\u00f3n se vivieron la tarde de este martes, cuando vecinos de la zona de Tejer\u00eda reportaron detonaciones a la altura del fraccionamiento a La Florida.<\/p>\n\n\n\n<p>Los reportes indican que personal de seguridad p\u00fablica le marc\u00f3 el alto a una camioneta blanca marca Honda a la altura del fraccionamiento Amapolas, esta se neg\u00f3 a detenerse y se inici\u00f3 una persecuci\u00f3n por la carretera federal Veracruz &#8211; Santa Fe.<\/p>\n\n\n\n<p>Los presuntos delincuentes utilizaron el retorno e ingresaron por el fraccionamiento La Florida, donde impactaron tambi\u00e9n a un motociclista; debido a esta situaci\u00f3n que les rest\u00f3 minutos en su huida, iniciaron con detonaciones en contra de los uniformados a la altura del seminario &#8220;San Jos\u00e9&#8221;.<\/p>\n\n\n\n<p>Momentos m\u00e1s tarde fueron rodeados por los elementos policiales y detenidos los tripulantes de la mencionada camioneta blanca, los cuales fueron retirados del lugar mientras el veh\u00edculo qued\u00f3 asegurado; elementos de la Polic\u00eda Ministerial acudieron al sitio para resguardar la zona a iniciar con las investigaciones pertinentes.<\/p>\n\n\n\n<p>Casi 40 minutos tard\u00f3 en restablecerse de manera normal la circulaci\u00f3n en la carretera federal Veracruz &#8211; Santa Fe; de igual manera, se dio luz verde a la salida de los ni\u00f1os de las escuelas primarias, los cuales hab\u00edan estado resguardados en sus instituciones educativas.<\/p>\n","protected":false},"excerpt":{"rendered":"<p>Alejandro \u00c1vila Veracruz, Ver.- Momentos de tensi\u00f3n se vivieron la tarde de este martes, cuando vecinos de la zona de Tejer\u00eda reportaron detonaciones a la altura del fraccionamiento a La Florida. Los reportes indican que personal de seguridad p\u00fablica le marc\u00f3 el alto a una camioneta blanca marca Honda a la altura del fraccionamiento Amapolas, [&hellip;]<\/p>\n","protected":false},"author":2476,"featured_media":46010,"comment_status":"open","ping_status":"open","sticky":false,"template":"","format":"standard","meta":{"_jetpack_memberships_contains_paid_content":false,"footnotes":""},"categories":[14],"tags":[],"class_list":["post-46009","post","type-post","status-publish","format-standard","has-post-thumbnail","hentry","category-policiaca"],"jetpack_featured_media_url":"https:\/\/encuentroinformativo.com.mx\/wp-content\/uploads\/2023\/10\/IMG-20231003-WA0092.jpg","jetpack_sharing_enabled":true,"jetpack_likes_enabled":true,"amp_enabled":true,"_links":{"self":[{"href":"https:\/\/encuentroinformativo.com.mx\/index.php?rest_route=\/wp\/v2\/posts\/46009","targetHints":{"allow":["GET"]}}],"collection":[{"href":"https:\/\/encuentroinformativo.com.mx\/index.php?rest_route=\/wp\/v2\/posts"}],"about":[{"href":"https:\/\/encuentroinformativo.com.mx\/index.php?rest_route=\/wp\/v2\/types\/post"}],"author":[{"embeddable":true,"href":"https:\/\/encuentroinformativo.com.mx\/index.php?rest_route=\/wp\/v2\/users\/2476"}],"replies":[{"embeddable":true,"href":"https:\/\/encuentroinformativo.com.mx\/index.php?rest_route=%2Fwp%2Fv2%2Fcomments&post=46009"}],"version-history":[{"count":1,"href":"https:\/\/encuentroinformativo.com.mx\/index.php?rest_route=\/wp\/v2\/posts\/46009\/revisions"}],"predecessor-version":[{"id":46011,"href":"https:\/\/encuentroinformativo.com.mx\/index.php?rest_route=\/wp\/v2\/posts\/46009\/revisions\/46011"}],"wp:featuredmedia":[{"embeddable":true,"href":"https:\/\/encuentroinformativo.com.mx\/index.php?rest_route=\/wp\/v2\/media\/46010"}],"wp:attachment":[{"href":"https:\/\/encuentroinformativo.com.mx\/index.php?rest_route=%2Fwp%2Fv2%2Fmedia&parent=46009"}],"wp:term":[{"taxonomy":"category","embeddable":true,"href":"https:\/\/encuentroinformativo.com.mx\/index.php?rest_route=%2Fwp%2Fv2%2Fcategories&post=46009"},{"taxonomy":"post_tag","embeddable":true,"href":"https:\/\/encuentroinformativo.com.mx\/index.php?rest_route=%2Fwp%2Fv2%2Ftags&post=46009"}],"curies":[{"name":"wp","href":"https:\/\/api.w.org\/{rel}","templated":true}]}}