{"id":46021,"date":"2023-10-03T18:54:52","date_gmt":"2023-10-04T00:54:52","guid":{"rendered":"https:\/\/encuentroinformativo.com.mx\/?p=46021"},"modified":"2023-10-03T18:54:58","modified_gmt":"2023-10-04T00:54:58","slug":"no-es-necesario-que-ciudadania-cambie-su-credencial-para-votar-por-nueva-distritacion-electoral-ine-veracruz","status":"publish","type":"post","link":"https:\/\/encuentroinformativo.com.mx\/?p=46021","title":{"rendered":"No es necesario que ciudadan\u00eda cambie su Credencial para Votar por nueva distritaci\u00f3n electoral: INE Veracruz"},"content":{"rendered":"\n<p>Xalapa, Ver.- La nueva distritaci\u00f3n electoral que realiz\u00f3 el Instituto Nacional Electoral (INE), tanto a nivel federal como local, no exige a la ciudadan\u00eda canjear su Credencial para Votar en alguno de los 66 m\u00f3dulos de atenci\u00f3n ciudadana que operan en la entidad, inform\u00f3 Josu\u00e9 Cervantes Mart\u00ednez, Vocal Ejecutivo de la Junta Local Ejecutiva en el Estado de Veracruz.<\/p>\n\n\n\n<p>Explic\u00f3 que el INE comenz\u00f3 los trabajos para la nueva distritaci\u00f3n electoral nacional en el a\u00f1o 2021 por mandato constitucional, \u201cpues la ley establece que cuando hay un censo de poblaci\u00f3n, el Instituto debe elaborar una nueva demarcaci\u00f3n territorial en los distritos electorales uninominales federales y locales con el prop\u00f3sito de distribuir a la poblaci\u00f3n de manera equitativa entre todos los distritos electorales de cada entidad, tomando como referencia a su poblaci\u00f3n media\u201d.<\/p>\n\n\n\n<p>A\u00f1adi\u00f3 que este proceso de distritaci\u00f3n busca que toda diputada o diputado electo por el principio de mayor\u00eda relativa, tanto en el \u00e1mbito federal como local, represente a un n\u00famero similar de poblaci\u00f3n y, al mismo tiempo, posibilita a la autoridad electoral respectiva preservar el valor del voto de la ciudadan\u00eda.<\/p>\n\n\n\n<p>Despu\u00e9s de un meticuloso proceso t\u00e9cnico, expuso el funcionario federal, a partir del mes de septiembre del 2023 entr\u00f3 en vigor la nueva geograf\u00eda electoral en todo el pa\u00eds, \u201cen el caso concreto del Estado de Veracruz qued\u00f3 conformado por 19 distritos federales y 4 mil 901 secciones electorales\u201d.<\/p>\n\n\n\n<p>\u201cSin embargo, es importante resaltar que la nueva distritaci\u00f3n nacional no es un factor que debe considerar la ciudadan\u00eda al momento de solicitar un tr\u00e1mite\u201d.&nbsp; Los tr\u00e1mites regulares que toda ciudadana o ciudadano puede realizar en un m\u00f3dulo de atenci\u00f3n ciudadana son: Inscripci\u00f3n al Padr\u00f3n Electoral, solicitado por quien se registra por primera vez; Cambio de domicilio; Reposici\u00f3n; Correcci\u00f3n de datos personales o en direcci\u00f3n; Reincorporaci\u00f3n, por ejemplo quienes han sido rehabilitados en sus derechos pol\u00edtico electorales y Remplazo por p\u00e9rdida de vigencia, y Correcci\u00f3n de datos personales.&nbsp;&nbsp;&nbsp;<\/p>\n","protected":false},"excerpt":{"rendered":"<p>Xalapa, Ver.- La nueva distritaci\u00f3n electoral que realiz\u00f3 el Instituto Nacional Electoral (INE), tanto a nivel federal como local, no exige a la ciudadan\u00eda canjear su Credencial para Votar en alguno de los 66 m\u00f3dulos de atenci\u00f3n ciudadana que operan en la entidad, inform\u00f3 Josu\u00e9 Cervantes Mart\u00ednez, Vocal Ejecutivo de la Junta Local Ejecutiva en [&hellip;]<\/p>\n","protected":false},"author":2476,"featured_media":46022,"comment_status":"open","ping_status":"open","sticky":false,"template":"","format":"standard","meta":{"_jetpack_memberships_contains_paid_content":false,"footnotes":""},"categories":[2],"tags":[],"class_list":["post-46021","post","type-post","status-publish","format-standard","has-post-thumbnail","hentry","category-estado"],"jetpack_featured_media_url":"https:\/\/encuentroinformativo.com.mx\/wp-content\/uploads\/2023\/10\/IMG-20231003-WA0127.jpg","jetpack_sharing_enabled":true,"jetpack_likes_enabled":true,"amp_enabled":true,"_links":{"self":[{"href":"https:\/\/encuentroinformativo.com.mx\/index.php?rest_route=\/wp\/v2\/posts\/46021","targetHints":{"allow":["GET"]}}],"collection":[{"href":"https:\/\/encuentroinformativo.com.mx\/index.php?rest_route=\/wp\/v2\/posts"}],"about":[{"href":"https:\/\/encuentroinformativo.com.mx\/index.php?rest_route=\/wp\/v2\/types\/post"}],"author":[{"embeddable":true,"href":"https:\/\/encuentroinformativo.com.mx\/index.php?rest_route=\/wp\/v2\/users\/2476"}],"replies":[{"embeddable":true,"href":"https:\/\/encuentroinformativo.com.mx\/index.php?rest_route=%2Fwp%2Fv2%2Fcomments&post=46021"}],"version-history":[{"count":1,"href":"https:\/\/encuentroinformativo.com.mx\/index.php?rest_route=\/wp\/v2\/posts\/46021\/revisions"}],"predecessor-version":[{"id":46023,"href":"https:\/\/encuentroinformativo.com.mx\/index.php?rest_route=\/wp\/v2\/posts\/46021\/revisions\/46023"}],"wp:featuredmedia":[{"embeddable":true,"href":"https:\/\/encuentroinformativo.com.mx\/index.php?rest_route=\/wp\/v2\/media\/46022"}],"wp:attachment":[{"href":"https:\/\/encuentroinformativo.com.mx\/index.php?rest_route=%2Fwp%2Fv2%2Fmedia&parent=46021"}],"wp:term":[{"taxonomy":"category","embeddable":true,"href":"https:\/\/encuentroinformativo.com.mx\/index.php?rest_route=%2Fwp%2Fv2%2Fcategories&post=46021"},{"taxonomy":"post_tag","embeddable":true,"href":"https:\/\/encuentroinformativo.com.mx\/index.php?rest_route=%2Fwp%2Fv2%2Ftags&post=46021"}],"curies":[{"name":"wp","href":"https:\/\/api.w.org\/{rel}","templated":true}]}}