{"id":46030,"date":"2023-10-04T11:02:18","date_gmt":"2023-10-04T17:02:18","guid":{"rendered":"https:\/\/encuentroinformativo.com.mx\/?p=46030"},"modified":"2023-10-04T11:02:22","modified_gmt":"2023-10-04T17:02:22","slug":"bloqueo-de-padres-de-la-esti-78-genera-caos-vial-en-el-puerto-de-veracruz","status":"publish","type":"post","link":"https:\/\/encuentroinformativo.com.mx\/?p=46030","title":{"rendered":"Bloqueo de padres de la ESTI 78, genera caos vial en el puerto de Veracruz"},"content":{"rendered":"\n<p><strong>Alejandro \u00c1vila<\/strong><\/p>\n\n\n\n<p>Veracruz, Ver.- Padres de familia de la ESTI 78, ubicada en la zona de Tejer\u00eda, bloquearon la carretera federal Veracruz &#8211; Xalapa ante la falta de 10 docentes desde hace varios ciclos escolares.<\/p>\n\n\n\n<p>Lorenzo Antonio Santiago Ram\u00edrez, presidente de la APF, acus\u00f3 que a pesar de los diversos oficios que han llevado a la Secretar\u00eda de Educaci\u00f3n en Xalapa y a la delegaci\u00f3n en Veracruz puerto, estos han hecho caso omiso de su reclamo.<\/p>\n\n\n\n<p>&#8220;Tenemos adeudos de maestros que hacen falta materias desde el 2011 (\u2026) materias como espa\u00f1ol, artes, tutor\u00eda, historia, una importante que es, dise\u00f1o de estructuras met\u00e1licas, cuando la escuela es t\u00e9cnica y los ni\u00f1os deber\u00edan de salir con la preparaci\u00f3n, no lo est\u00e1n haciendo porque no hay maestro de estructuras met\u00e1licas&#8221;, reclam\u00f3.<\/p>\n\n\n\n<p>Los quejosos bloquearon la carretera en los carriles norte a sur y sur a norte, adem\u00e1s del acceso a la ciudad industrial &#8220;Bruno Pagliai&#8221;, creando un gran conflicto vial, sobre todo para los transportes de carga que no pudieron llegar a su destino en la hora establecida.<\/p>\n\n\n\n<p>Los padres de familia denunciaron el problema educativo que se gener\u00f3 a ra\u00edz de la pandemia, y al regresar a las clases presenciales pensaron que este quedar\u00eda solucionado; sin embargo, desde hace dos a\u00f1os los problemas han incrementado ante la falta de docentes.<\/p>\n\n\n\n<p>&#8220;Hay ocasiones, hay d\u00edas que nada m\u00e1s vienen por dos materias, \u00bfqu\u00e9 pasa?, independientemente de la p\u00e9rdida de su ense\u00f1anza la econom\u00eda del padre tambi\u00e9n se ve afectada, mucho padre de familia, y se entiende, con justa raz\u00f3n, para qu\u00e9 voy a mandar a mi hijo por solo una materia&#8221;, subray\u00f3.<\/p>\n\n\n\n<p>Al momento son 1018 alumnos los afectados por la falta de docentes en los turnos matutino y vespertino.<\/p>\n\n\n\n<figure class=\"wp-block-image size-large\"><img loading=\"lazy\" decoding=\"async\" width=\"1024\" height=\"768\" src=\"https:\/\/encuentroinformativo.com.mx\/wp-content\/uploads\/2023\/10\/IMG-20231004-WA0018-1024x768.jpg\" alt=\"\" class=\"wp-image-46032\" srcset=\"https:\/\/encuentroinformativo.com.mx\/wp-content\/uploads\/2023\/10\/IMG-20231004-WA0018-1024x768.jpg 1024w, https:\/\/encuentroinformativo.com.mx\/wp-content\/uploads\/2023\/10\/IMG-20231004-WA0018-300x225.jpg 300w, https:\/\/encuentroinformativo.com.mx\/wp-content\/uploads\/2023\/10\/IMG-20231004-WA0018-768x576.jpg 768w, https:\/\/encuentroinformativo.com.mx\/wp-content\/uploads\/2023\/10\/IMG-20231004-WA0018-1536x1153.jpg 1536w, https:\/\/encuentroinformativo.com.mx\/wp-content\/uploads\/2023\/10\/IMG-20231004-WA0018.jpg 1599w\" sizes=\"auto, (max-width: 1024px) 100vw, 1024px\" \/><\/figure>\n","protected":false},"excerpt":{"rendered":"<p>Alejandro \u00c1vila Veracruz, Ver.- Padres de familia de la ESTI 78, ubicada en la zona de Tejer\u00eda, bloquearon la carretera federal Veracruz &#8211; Xalapa ante la falta de 10 docentes desde hace varios ciclos escolares. Lorenzo Antonio Santiago Ram\u00edrez, presidente de la APF, acus\u00f3 que a pesar de los diversos oficios que han llevado a [&hellip;]<\/p>\n","protected":false},"author":2476,"featured_media":46031,"comment_status":"open","ping_status":"open","sticky":false,"template":"","format":"standard","meta":{"_jetpack_memberships_contains_paid_content":false,"footnotes":""},"categories":[2],"tags":[],"class_list":["post-46030","post","type-post","status-publish","format-standard","has-post-thumbnail","hentry","category-estado"],"jetpack_featured_media_url":"https:\/\/encuentroinformativo.com.mx\/wp-content\/uploads\/2023\/10\/IMG-20231004-WA0021.jpg","jetpack_sharing_enabled":true,"jetpack_likes_enabled":true,"amp_enabled":true,"_links":{"self":[{"href":"https:\/\/encuentroinformativo.com.mx\/index.php?rest_route=\/wp\/v2\/posts\/46030","targetHints":{"allow":["GET"]}}],"collection":[{"href":"https:\/\/encuentroinformativo.com.mx\/index.php?rest_route=\/wp\/v2\/posts"}],"about":[{"href":"https:\/\/encuentroinformativo.com.mx\/index.php?rest_route=\/wp\/v2\/types\/post"}],"author":[{"embeddable":true,"href":"https:\/\/encuentroinformativo.com.mx\/index.php?rest_route=\/wp\/v2\/users\/2476"}],"replies":[{"embeddable":true,"href":"https:\/\/encuentroinformativo.com.mx\/index.php?rest_route=%2Fwp%2Fv2%2Fcomments&post=46030"}],"version-history":[{"count":1,"href":"https:\/\/encuentroinformativo.com.mx\/index.php?rest_route=\/wp\/v2\/posts\/46030\/revisions"}],"predecessor-version":[{"id":46033,"href":"https:\/\/encuentroinformativo.com.mx\/index.php?rest_route=\/wp\/v2\/posts\/46030\/revisions\/46033"}],"wp:featuredmedia":[{"embeddable":true,"href":"https:\/\/encuentroinformativo.com.mx\/index.php?rest_route=\/wp\/v2\/media\/46031"}],"wp:attachment":[{"href":"https:\/\/encuentroinformativo.com.mx\/index.php?rest_route=%2Fwp%2Fv2%2Fmedia&parent=46030"}],"wp:term":[{"taxonomy":"category","embeddable":true,"href":"https:\/\/encuentroinformativo.com.mx\/index.php?rest_route=%2Fwp%2Fv2%2Fcategories&post=46030"},{"taxonomy":"post_tag","embeddable":true,"href":"https:\/\/encuentroinformativo.com.mx\/index.php?rest_route=%2Fwp%2Fv2%2Ftags&post=46030"}],"curies":[{"name":"wp","href":"https:\/\/api.w.org\/{rel}","templated":true}]}}