{"id":4604,"date":"2020-08-03T07:11:13","date_gmt":"2020-08-03T12:11:13","guid":{"rendered":"https:\/\/encuentroinformativo.com\/?p=4604"},"modified":"2020-08-03T00:37:23","modified_gmt":"2020-08-03T05:37:23","slug":"rosa-maria","status":"publish","type":"post","link":"https:\/\/encuentroinformativo.com.mx\/?p=4604","title":{"rendered":"ROSA MAR\u00cdA"},"content":{"rendered":"\n<p><strong>+ Irregularidades financieras en la universidad.<\/strong><\/p>\n\n\n\n<p><strong>+ Asesores pedorros de alcalde atacan a periodista.<\/strong><\/p>\n\n\n\n<p><strong>+ Ta&#8217; malito el Erik&#8230; \u00bfSer\u00e1 el Lozoya jarocho?<\/strong><\/p>\n\n\n\n<p><strong><em>\u00bfC\u00f3mo que Sarita se anda jineteando lana del IPE?<\/em><\/strong><\/p>\n\n\n\n<p><strong><em>&#8211;Chopenjawer<\/em><\/strong><\/p>\n\n\n\n<p>En el municipio de Veracruz deben de dejar de buscarle tres pies al gato y empezar a tomar en serio la renuncia de Rosa Mar\u00eda Hern\u00e1ndez Espejo como subdelegada de Bienestar en el Estado, ya que en una muestra de congruencia (como siempre ha sido en su vida profesional y personal) decidi\u00f3 dejar la funci\u00f3n p\u00fablica para dedicarse a tareas personales.<\/p>\n\n\n\n<p>La maestra Rosa Mar\u00eda, como le llaman todos sus alumnos en la Facultad de Comunicaci\u00f3n de la Universidad Veracruzana, o Rosy Espejo para sus amigos de muchos a\u00f1os, desde la \u00e9poca universitaria, en la que empez\u00f3 a reportear, all\u00e1 por los 80, estudiando periodismo y trabajando al mismo tiempo, va por un reto m\u00e1s en su vida.<\/p>\n\n\n\n<p>Es una periodista ampliamente conocida y con reconocimiento por su trayectoria profesional, aguda, cr\u00edtica, no le gustan las injusticias, activista social; ha sido la \u00fanica conductora de los 2 principales noticieros de radio que hay en la zona de Veracruz, Boca del R\u00edo, Medell\u00edn, Jamapa, Soledad de Doblado y Alvarado.<\/p>\n\n\n\n<p>Fue directora de peri\u00f3dicos impresos, regidora en el ayuntamiento de Veracruz &#8211;por circunstancias de la vida&#8211; cuando fue alcalde Julen Rementer\u00eda del Puerto, y hoy, despu\u00e9s de ser subdelegada del gobierno federal desde que inici\u00f3 la administraci\u00f3n del presidente L\u00f3pez Obrador, inicia un nuevo proyecto, respaldada por su trayectoria e imagen.<\/p>\n\n\n\n<p>Rosa Mar\u00eda Hern\u00e1ndez Espejo con el apoyo pleno de muchos sectores del municipio de Veracruz, que la conocen y saben que es una persona \u00edntegra, responsable, honesta, sencilla, pero principalmente, que conoce toda la problem\u00e1tica y condiciones del municipio, sus colonias, unidades habitacionales, fraccionamientos y comunidades, a partir de hoy busca construir un proyecto y cambiar la historia de Veracruz.<\/p>\n\n\n\n<p>Tiene una gran ventaja para lograr este nuevo proyecto: la mayor\u00eda de los jarochos saben qui\u00e9n es, la conocen perfectamente, siempre ha tratado desde donde se encuentra, de ayudar a resolver los problemas de la ciudadan\u00eda, a quien se le acerca nunca le niega su atenci\u00f3n y respuesta, nunca ha sido una mujer de esc\u00e1ndalos, ni conflictos, tanto que la gran mayor\u00eda de comunicadores la aprecian y apoyan en su pretensi\u00f3n, porque siempre ha sabido cultivar amistades, aunque no naci\u00f3 en el puerto, todos saben que lo quiere m\u00e1s que muchos y muchas de los pol\u00edticos de siempre que durante muchos a\u00f1os han vivido de nuestros impuestos, saltando de cargo en cargo.<\/p>\n\n\n\n<p>Por el bien del municipio de Veracruz y porque el puerto se lo merece, la intenci\u00f3n de Rosa Mar\u00eda Hern\u00e1ndez Espejo, Rosy Espejo, o la maestra Rosa Mar\u00eda, como la quieran llamar, es lo mejor que le podr\u00eda pasar al municipio despu\u00e9s de esta pandemia, si en verdad se quiere cambiar y transformar a Veracruz, el respaldo ciudadano y de muchos sectores, ser\u00e1n definitivo para concretar su sue\u00f1o, ella no regala nada, no ofrece ni promete, d\u00e9jenla ser y ver\u00e1n lo que har\u00e1 por Veracruz.<\/p>\n\n\n\n<p>Fue muy clara, inicia como una ciudadana m\u00e1s, no aprovechar\u00e1 ning\u00fan cargo, ni recursos p\u00fablicos, inicia de cero y a ras de suelo;&nbsp; el reto lanzado de que dejen el cargo, dif\u00edcilmente lo&nbsp; tomaran los dem\u00e1s interesados, ya que quieren seguir viviendo del presupuesto, y eso de entrada es la gran diferencia.<\/p>\n\n\n\n<p>La otra que todos los jarochos deben saber, es que es la \u00fanica que quiere ser presidenta municipal y s\u00ed vive en Veracruz, porque todas y todos los dem\u00e1s viven en Boca del R\u00edo y en la Riviera Veracruzana, que pertenece a Medell\u00edn (puro fif\u00ed, pues).<\/p>\n\n\n\n<p>Sin duda, es la \u00fanica que podr\u00e1 presumir que tiene el apoyo ciudadano y puede ser una gran candidata ciudadana.<\/p>\n\n\n\n<p><strong>NOTA PARA PEGAR EN EL REFRI: <\/strong>\u00bfC\u00f3mo est\u00e1 eso de que en la universidad de todos los veracruzanos hay problemas econ\u00f3micos y hasta hablan de una presunta situaci\u00f3n de quiebra? De acuerdo con la fuente, algunos catedr\u00e1ticos han detectado que en el Instituto de Pensiones tienen a\u00f1os cotizados perdidos; es decir, se &#8220;clavaron&#8221; a\u00f1os de investigadores&#8230; Hay incluso voces al interior de la universidad que hablan de una posible situaci\u00f3n de quiebra financiera y eso que ya el gobierno les pag\u00f3 la megadeuda que tanto les angustiaba en \u00e9pocas electorales&#8230; Dicen que tambi\u00e9n hay otras situaciones irregulares como contratos sin licitaci\u00f3n y un incremento en la n\u00f3mina&#8230; \u00bfSer\u00e1?<\/p>\n\n\n\n<p><strong>OTRA NOTA: <\/strong>Cuentan que en Agua Dulce, desde el Ayuntamiento, los asesores pedorros de prensa y carga-celulares del alcalde est\u00e1n enviando a redes sociales informaci\u00f3n falsa para tratar de intimidar al conocido reportero Alfredo Santiago, quien por darle voz a unos vecinos sobre el actuar de elementos policiacos, lo quisieron vincular con una organizaci\u00f3n delictiva. De acuerdo a lo que hemos logrado investigar, todo sali\u00f3 de la mente de los &#8220;genios&#8221; de la comunicaci\u00f3n que tiene el alcalde Sergio Guzm\u00e1n Ric\u00e1rdez, con tal de desprestigiar al periodista&#8230; Ojal\u00e1 el presidente municipal fuese m\u00e1s sensato y atendiera esa situaci\u00f3n que en nada le ayuda, as\u00ed como deber\u00eda atenderse esa tos canina que retumba por todo el Palacio Municipal&#8230; \u00bfAs\u00ed quiere ser diputado caus\u00e1ndole broncas a la 4T? Pa&#8217; vatos tan atarantados, pi\u00e9nsele mejor las estrategias.<\/p>\n\n\n\n<p><strong>LA \u00daLTIMA PORQUE LA JACKIE ME RECLAMA PARA DORMIR:<\/strong> Que &#8216;t\u00e1 malito el &#8220;diputaco&#8221; Erik, mejor conocido como &#8220;El Marmaja&#8221;, y mejor se lo llevaron de Pacho Viejo al Hospital Civil de Xalapa&#8230; \u00bfSer\u00e1 que ya lo inspir\u00f3 el caso de Emilio &#8220;L&#8221;?.<\/p>\n\n\n\n<p><strong>@pablojair<\/strong><\/p>\n","protected":false},"excerpt":{"rendered":"<p>+ Irregularidades financieras en la universidad. + Asesores pedorros de alcalde atacan a periodista. + Ta&#8217; malito el Erik&#8230; \u00bfSer\u00e1 el Lozoya jarocho? \u00bfC\u00f3mo que Sarita se anda jineteando lana del IPE? &#8211;Chopenjawer En el municipio de Veracruz deben de dejar de buscarle tres pies al gato y empezar a tomar en serio la renuncia [&hellip;]<\/p>\n","protected":false},"author":1,"featured_media":488,"comment_status":"open","ping_status":"open","sticky":false,"template":"","format":"standard","meta":{"_jetpack_memberships_contains_paid_content":false,"footnotes":""},"categories":[11],"tags":[],"class_list":["post-4604","post","type-post","status-publish","format-standard","has-post-thumbnail","hentry","category-opinion"],"jetpack_featured_media_url":"https:\/\/encuentroinformativo.com.mx\/wp-content\/uploads\/2020\/03\/F471F608-BA1A-416B-BA7B-BCFB24F4E6D0.jpeg","jetpack_sharing_enabled":true,"jetpack_likes_enabled":true,"amp_enabled":true,"_links":{"self":[{"href":"https:\/\/encuentroinformativo.com.mx\/index.php?rest_route=\/wp\/v2\/posts\/4604","targetHints":{"allow":["GET"]}}],"collection":[{"href":"https:\/\/encuentroinformativo.com.mx\/index.php?rest_route=\/wp\/v2\/posts"}],"about":[{"href":"https:\/\/encuentroinformativo.com.mx\/index.php?rest_route=\/wp\/v2\/types\/post"}],"author":[{"embeddable":true,"href":"https:\/\/encuentroinformativo.com.mx\/index.php?rest_route=\/wp\/v2\/users\/1"}],"replies":[{"embeddable":true,"href":"https:\/\/encuentroinformativo.com.mx\/index.php?rest_route=%2Fwp%2Fv2%2Fcomments&post=4604"}],"version-history":[{"count":1,"href":"https:\/\/encuentroinformativo.com.mx\/index.php?rest_route=\/wp\/v2\/posts\/4604\/revisions"}],"predecessor-version":[{"id":4605,"href":"https:\/\/encuentroinformativo.com.mx\/index.php?rest_route=\/wp\/v2\/posts\/4604\/revisions\/4605"}],"wp:featuredmedia":[{"embeddable":true,"href":"https:\/\/encuentroinformativo.com.mx\/index.php?rest_route=\/wp\/v2\/media\/488"}],"wp:attachment":[{"href":"https:\/\/encuentroinformativo.com.mx\/index.php?rest_route=%2Fwp%2Fv2%2Fmedia&parent=4604"}],"wp:term":[{"taxonomy":"category","embeddable":true,"href":"https:\/\/encuentroinformativo.com.mx\/index.php?rest_route=%2Fwp%2Fv2%2Fcategories&post=4604"},{"taxonomy":"post_tag","embeddable":true,"href":"https:\/\/encuentroinformativo.com.mx\/index.php?rest_route=%2Fwp%2Fv2%2Ftags&post=4604"}],"curies":[{"name":"wp","href":"https:\/\/api.w.org\/{rel}","templated":true}]}}