{"id":46040,"date":"2023-10-04T11:47:15","date_gmt":"2023-10-04T17:47:15","guid":{"rendered":"https:\/\/encuentroinformativo.com.mx\/?p=46040"},"modified":"2023-10-04T11:47:19","modified_gmt":"2023-10-04T17:47:19","slug":"urgen-a-frente-amplio-a-definir-candidato-opositor","status":"publish","type":"post","link":"https:\/\/encuentroinformativo.com.mx\/?p=46040","title":{"rendered":"Urgen a Frente Amplio a definir candidato opositor"},"content":{"rendered":"\n<p><strong>Dar\u00edo Pale <\/strong><\/p>\n\n\n\n<p>Xalapa, Ver.- Fernando P\u00e9rez Vignola Coordinador del Consejo C\u00edvico Ciudadano de Veracruz dio a conocer que es urgente que, el Frente Ampli\u00f3 por M\u00e9xico y los institutos pol\u00edticos del PAN, PRI y PRD definan ya al candidato opositor qu\u00e9 habr\u00e1 de gobernar en la entidad con base en las encuestas.\u00a0<\/p>\n\n\n\n<p>&#8220;Los tiempos apremian para que juntos, partidos y ciudadanos definamos al candidato opositor para gobernar Veracruz. En el Consejo C\u00edvico Ciudadano de Veracruz hemos acordado considerar como una urgencia pol\u00edtica estatal, la integraci\u00f3n del Frente Amplio por Veracruz como el mecanismo pol\u00edtico opositor de nuestra entidad\u201d, se\u00f1al\u00f3.<\/p>\n\n\n\n<p>La organizaci\u00f3n civil expuso que hoy la ciudadan\u00eda veracruzana descontenta con el actual gobierno busca incidir responsablemente en la selecci\u00f3n de la persona id\u00f3nea para representar a la oposici\u00f3n en la contienda para la gubernatura de Veracruz, en respuesta a las condiciones de emergencia que se viven en el pa\u00eds, pero en particular a las de nuestro querido estado.<\/p>\n\n\n\n<p>&#8220;Existen suficientes evidencias que demuestran la incompetencia e incapacidad administrativa de los distintos ejercicios p\u00fablicos del gobierno estatal, que mantienen en predicamentos mayores a nuestra poblaci\u00f3n. Se a\u00f1ade a ello el sesgo coercitivo y autoritario; el incumplimiento del marco jur\u00eddico y la franca y evidente utilizaci\u00f3n de los recursos p\u00fablicos para fines partidistas y particulares, que nos han llevado a retrocesos notorios, incluso en el marco nacional\u201d, coment\u00f3.<\/p>\n\n\n\n<p>Desde las organizaciones y ciudadanos que integramos el Consejo C\u00edvico Ciudadano Veracruz se ha convocado a una reuni\u00f3n urgente para este pr\u00f3ximo viernes 6 de octubre, a las dirigencias estatales de los partidos que integran el Frente Amplio por M\u00e9xico.<\/p>\n\n\n\n<p>Esto con el fin de definir conjuntamente, partidos y sociedad civil, una ruta clara que sume y multiplique las voluntades para lograr la conformaci\u00f3n de un gran frente opositor, que afronte la ruta del Veracruz que queremos y sume las mejores propuestas para el proceso electoral del 2024.<\/p>\n\n\n\n<p>\u201cEstamos seguros que existe la sensibilidad y la convicci\u00f3n de estos actores pol\u00edticos, para reunir esfuerzos y visiones; abrirse al di\u00e1logo y trabajar juntos en el prop\u00f3sito de derrotar la posibilidad de la continuidad de este p\u00e9simo gobiemo y construir conjuntamente un programa que no es solo de los partidos&#8221;, dijo en la conferencia.<\/p>\n\n\n\n<p>Finalmente dijo que, &#8220;ni de una coyuntura electoral, sino que se refuerza y redimensiona con el anhelo de millones de veracruzanos que ven con esperanza, los esfuerzos que estamos realizando para integrar en este proceso a la ciudadan\u00eda abierta y responsablemente\u201d.<\/p>\n","protected":false},"excerpt":{"rendered":"<p>Dar\u00edo Pale Xalapa, Ver.- Fernando P\u00e9rez Vignola Coordinador del Consejo C\u00edvico Ciudadano de Veracruz dio a conocer que es urgente que, el Frente Ampli\u00f3 por M\u00e9xico y los institutos pol\u00edticos del PAN, PRI y PRD definan ya al candidato opositor qu\u00e9 habr\u00e1 de gobernar en la entidad con base en las encuestas.\u00a0 &#8220;Los tiempos apremian [&hellip;]<\/p>\n","protected":false},"author":2476,"featured_media":46041,"comment_status":"open","ping_status":"open","sticky":false,"template":"","format":"standard","meta":{"_jetpack_memberships_contains_paid_content":false,"footnotes":""},"categories":[2],"tags":[],"class_list":["post-46040","post","type-post","status-publish","format-standard","has-post-thumbnail","hentry","category-estado"],"jetpack_featured_media_url":"https:\/\/encuentroinformativo.com.mx\/wp-content\/uploads\/2023\/10\/IMG-20231004-WA0031.jpg","jetpack_sharing_enabled":true,"jetpack_likes_enabled":true,"amp_enabled":true,"_links":{"self":[{"href":"https:\/\/encuentroinformativo.com.mx\/index.php?rest_route=\/wp\/v2\/posts\/46040","targetHints":{"allow":["GET"]}}],"collection":[{"href":"https:\/\/encuentroinformativo.com.mx\/index.php?rest_route=\/wp\/v2\/posts"}],"about":[{"href":"https:\/\/encuentroinformativo.com.mx\/index.php?rest_route=\/wp\/v2\/types\/post"}],"author":[{"embeddable":true,"href":"https:\/\/encuentroinformativo.com.mx\/index.php?rest_route=\/wp\/v2\/users\/2476"}],"replies":[{"embeddable":true,"href":"https:\/\/encuentroinformativo.com.mx\/index.php?rest_route=%2Fwp%2Fv2%2Fcomments&post=46040"}],"version-history":[{"count":1,"href":"https:\/\/encuentroinformativo.com.mx\/index.php?rest_route=\/wp\/v2\/posts\/46040\/revisions"}],"predecessor-version":[{"id":46042,"href":"https:\/\/encuentroinformativo.com.mx\/index.php?rest_route=\/wp\/v2\/posts\/46040\/revisions\/46042"}],"wp:featuredmedia":[{"embeddable":true,"href":"https:\/\/encuentroinformativo.com.mx\/index.php?rest_route=\/wp\/v2\/media\/46041"}],"wp:attachment":[{"href":"https:\/\/encuentroinformativo.com.mx\/index.php?rest_route=%2Fwp%2Fv2%2Fmedia&parent=46040"}],"wp:term":[{"taxonomy":"category","embeddable":true,"href":"https:\/\/encuentroinformativo.com.mx\/index.php?rest_route=%2Fwp%2Fv2%2Fcategories&post=46040"},{"taxonomy":"post_tag","embeddable":true,"href":"https:\/\/encuentroinformativo.com.mx\/index.php?rest_route=%2Fwp%2Fv2%2Ftags&post=46040"}],"curies":[{"name":"wp","href":"https:\/\/api.w.org\/{rel}","templated":true}]}}