{"id":46053,"date":"2023-10-04T13:02:34","date_gmt":"2023-10-04T19:02:34","guid":{"rendered":"https:\/\/encuentroinformativo.com.mx\/?p=46053"},"modified":"2023-10-04T13:02:38","modified_gmt":"2023-10-04T19:02:38","slug":"mantienen-autoridades-dos-lineas-de-investigacion-por-homicidio-de-joven-embarazada-en-papantla","status":"publish","type":"post","link":"https:\/\/encuentroinformativo.com.mx\/?p=46053","title":{"rendered":"Mantienen autoridades dos l\u00edneas de investigaci\u00f3n por homicidio de joven embarazada en Papantla"},"content":{"rendered":"\n<p><strong>Dar\u00edo Pale <\/strong><\/p>\n\n\n\n<p>Xalapa, Ver.- Hay dos l\u00edneas de investigaci\u00f3n por el crimen de la joven escaramuza Carolina Barrientos Scagno, ocurrido el pasado 1 de octubre en el municipio de Papantla, as\u00ed lo inform\u00f3 el gobernador Cuitl\u00e1huac Garc\u00eda Jimenez.<\/p>\n\n\n\n<p>En entrevista el mandatario se comprometi\u00f3 a que se dar\u00e1 con los responsables del homicidio de la joven asesinada en Papantla, &#8220;se tiene m\u00e1s o menos claro qu\u00e9 fue lo que pas\u00f3, pero se mantienen esas dos l\u00edneas de investigaci\u00f3n, hasta que se aclare&#8221;.<\/p>\n\n\n\n<p>Barrientos Scagno estaba embarazada al momento de ser asesinada, al parecer de varios disparos mientras se encontraba a bordo de su camioneta Honda CVR, color azul.<\/p>\n\n\n\n<p>Por \u00faltimo cabe se\u00f1alar que, Carolina Barrientos era hija de un l\u00edder ganadero y su madre era hija de una regidora del PT, ambos tambi\u00e9n fueron asesinados bajo las mismas circunstancias.<\/p>\n\n\n\n<p>En otro orden de ideas,  en el caso de Xalapa dijo que  se modificar\u00e1 obra de Paso Superior Vehicular en L\u00e1zaro C\u00e1rdenas, no se derrumbar\u00e1n m\u00e1s \u00e1rboles afirm\u00f3 Garc\u00eda Jim\u00e9nez.<\/p>\n\n\n\n<p>En entrevista luego de arrancar la entrega de pensiones para personas con discapacidad, record\u00f3 que un juez determin\u00f3 que la obra del Paso Superior Vehicular (PSV), de la avenida L\u00e1zaro C\u00e1rdenas, a la altura del Urban Center, podr\u00e1 continuar sin derribar un \u00e1rbol m\u00e1s &#8220;y as\u00ed lo vamos a hacer&#8221;.<\/p>\n\n\n\n<p>&#8220;No se va a derrumbar un \u00e1rbol adicionalmente a lo que ya se ha hecho y el juez permiti\u00f3, bajo esa condici\u00f3n, que siga y se seguir\u00e1 dialogando con ellos&#8221;, asegur\u00f3.<\/p>\n\n\n\n<p>En ese sentido, confirm\u00f3 que se har\u00e1 una modificaci\u00f3n al proyecto original y con ello se acatar\u00e1 la resoluci\u00f3n del juez federal.<\/p>\n\n\n\n<p>El Mandatario expres\u00f3 que continuar\u00e1n insistiendo para convencer al grupo de personas que se encuentran en el lugar y se puedan retirar, adem\u00e1s dijo que se trata de un grupo muy reducido.<\/p>\n","protected":false},"excerpt":{"rendered":"<p>Dar\u00edo Pale Xalapa, Ver.- Hay dos l\u00edneas de investigaci\u00f3n por el crimen de la joven escaramuza Carolina Barrientos Scagno, ocurrido el pasado 1 de octubre en el municipio de Papantla, as\u00ed lo inform\u00f3 el gobernador Cuitl\u00e1huac Garc\u00eda Jimenez. En entrevista el mandatario se comprometi\u00f3 a que se dar\u00e1 con los responsables del homicidio de la [&hellip;]<\/p>\n","protected":false},"author":2476,"featured_media":46054,"comment_status":"open","ping_status":"open","sticky":false,"template":"","format":"standard","meta":{"_jetpack_memberships_contains_paid_content":false,"footnotes":""},"categories":[2],"tags":[],"class_list":["post-46053","post","type-post","status-publish","format-standard","has-post-thumbnail","hentry","category-estado"],"jetpack_featured_media_url":"https:\/\/encuentroinformativo.com.mx\/wp-content\/uploads\/2023\/10\/IMG-20231004-WA0047.jpg","jetpack_sharing_enabled":true,"jetpack_likes_enabled":true,"amp_enabled":true,"_links":{"self":[{"href":"https:\/\/encuentroinformativo.com.mx\/index.php?rest_route=\/wp\/v2\/posts\/46053","targetHints":{"allow":["GET"]}}],"collection":[{"href":"https:\/\/encuentroinformativo.com.mx\/index.php?rest_route=\/wp\/v2\/posts"}],"about":[{"href":"https:\/\/encuentroinformativo.com.mx\/index.php?rest_route=\/wp\/v2\/types\/post"}],"author":[{"embeddable":true,"href":"https:\/\/encuentroinformativo.com.mx\/index.php?rest_route=\/wp\/v2\/users\/2476"}],"replies":[{"embeddable":true,"href":"https:\/\/encuentroinformativo.com.mx\/index.php?rest_route=%2Fwp%2Fv2%2Fcomments&post=46053"}],"version-history":[{"count":1,"href":"https:\/\/encuentroinformativo.com.mx\/index.php?rest_route=\/wp\/v2\/posts\/46053\/revisions"}],"predecessor-version":[{"id":46055,"href":"https:\/\/encuentroinformativo.com.mx\/index.php?rest_route=\/wp\/v2\/posts\/46053\/revisions\/46055"}],"wp:featuredmedia":[{"embeddable":true,"href":"https:\/\/encuentroinformativo.com.mx\/index.php?rest_route=\/wp\/v2\/media\/46054"}],"wp:attachment":[{"href":"https:\/\/encuentroinformativo.com.mx\/index.php?rest_route=%2Fwp%2Fv2%2Fmedia&parent=46053"}],"wp:term":[{"taxonomy":"category","embeddable":true,"href":"https:\/\/encuentroinformativo.com.mx\/index.php?rest_route=%2Fwp%2Fv2%2Fcategories&post=46053"},{"taxonomy":"post_tag","embeddable":true,"href":"https:\/\/encuentroinformativo.com.mx\/index.php?rest_route=%2Fwp%2Fv2%2Ftags&post=46053"}],"curies":[{"name":"wp","href":"https:\/\/api.w.org\/{rel}","templated":true}]}}