{"id":46056,"date":"2023-10-04T14:21:36","date_gmt":"2023-10-04T20:21:36","guid":{"rendered":"https:\/\/encuentroinformativo.com.mx\/?p=46056"},"modified":"2023-10-04T14:21:39","modified_gmt":"2023-10-04T20:21:39","slug":"para-celebrar-todos-santos-realizaran-festival-estridentista","status":"publish","type":"post","link":"https:\/\/encuentroinformativo.com.mx\/?p=46056","title":{"rendered":"Para celebrar Todos Santos, realizar\u00e1n Festival Estridentista"},"content":{"rendered":"\n<p><strong>Juan Arcos\u00a0<\/strong><\/p>\n\n\n\n<p>Xalapa, Ver.- La m\u00fasica electr\u00f3nica de Nortec y el blues de Real Catorce ambientar\u00e1n el Festival Estridentista en la casa cultural Toque de Gracia, ubicada sobre la calle Santos Degollado n\u00famero 81, en la zona centro de la ciudad de Xalapa.<\/p>\n\n\n\n<p>El festival se llevar\u00e1 a cabo del 20 al 28 de octubre, teniendo como sede a la capital de Veracruz, como parte de los festejos del D\u00eda de Muertos y Todos Santos, para promover las tradiciones.<\/p>\n\n\n\n<p>El evento fue organizado por el Toque de Gracia junto con Tzomplantli: un espect\u00e1culo esc\u00e9nico para vivos y muertos, que contempla diversas actividades culturales y art\u00edsticas, como recorridos guiados y la participaci\u00f3n de tres compa\u00f1\u00edas: una de m\u00fasica y dos de teatro.<\/p>\n\n\n\n<p>En rueda de prensa, realizada en el Toque de Gracia, Daniel Cruz Gracia, coordinador del Festival Estridentista, indic\u00f3 que se trata de una experiencia gastron\u00f3mica, mediante una \u201cfusi\u00f3n\u201d con las artes y la cultura, para festejar el D\u00eda de Muertos con base en la estrident\u00f3polis.<\/p>\n\n\n\n<p>\u201cAunque tiene mucha tradici\u00f3n tambi\u00e9n buscamos que la cartelera tuviera un toque de vanguardia, entonces invitamos a dos grupos que para nosotros son un gran referente de cultura mexicana contempor\u00e1nea, vamos a tener al grupo Nortec, que son de Tijuana, que son un par de dj\u2019s que se han dedicado a difundir la cultura del norte del pa\u00eds, que han hecho una fusi\u00f3n impresionante de m\u00fasica tradicional del norte, que est\u00e1n de moda todos los corridos y la m\u00fasica norte\u00f1a, mezclada con m\u00fasica digital, moderna, electr\u00f3nica\u201d.<\/p>\n\n\n\n<p>Nortec, un colectivo de m\u00fasica electr\u00f3nica\/nortech formado en 1999 en la ciudad de Tijuana, Baja California, abrir\u00e1 el Festival Estridentista en el Toque de Gracia el pr\u00f3ximo viernes 20 de octubre, donde se espera la presencia de 200 visitantes. El boleto costar\u00e1 400 pesos en preventa y 500 pesos el d\u00eda del evento.<\/p>\n\n\n\n<p>Mientras que la banda Real Catorce cerrar\u00e1 el evento el pr\u00f3ximo 28 de octubre, con la participaci\u00f3n de Jos\u00e9 Cruz, considerado el \u201cestandarte\u201d del blues mexicano. Se trata de uno de los grupos m\u00e1s importantes para la m\u00fasica mexicana. El boleto costar\u00e1 450 en preventa y 550 pesos el d\u00eda del evento.<\/p>\n\n\n\n<p>\u201cLos costos son para solventar su participaci\u00f3n, no buscamos otra cosa que abrir un foro, que ser un punto de reuni\u00f3n. Adem\u00e1s, nos gust\u00f3 adelantarnos un poco a la fecha oficial (del D\u00eda de Muertos) para que la fiesta abarque lo que necesita, que sean muchos d\u00edas de fiesta, es una \u00e9poca maravillosa\u201d, indic\u00f3 Daniel.<\/p>\n\n\n\n<p>El Coordinador del Festival Estridentista enfatiz\u00f3 que el 21 de octubre habr\u00e1 un taller para la elaboraci\u00f3n de pan de muerto con masa madre, que ser\u00e1 impartido por la chef Rebeca M\u00e1rquez. El 27 de octubre est\u00e1 programado otro taller de maquillaje de catrinas, a cargo de Aleyda Medina.<\/p>\n\n\n\n<p><strong>TEATRAL Y ESC\u00c9NICO<\/strong><\/p>\n\n\n\n<p>Por su parte, Isaac Acosta, productor y director art\u00edstico de Tzomplantli, mencion\u00f3 que har\u00e1 cuatro o cinco recorridos continuos durante los d\u00edas 22 y 25 de octubre, cuyo costo por acceso a las familias est\u00e1 por definirse.<\/p>\n\n\n\n<p>\u201cEs un evento familiar. No es de terror, es teatral y esc\u00e9nico con la cuesti\u00f3n tradicional. Hay comedias, m\u00fasica, comedia, drama. Es un buffet esc\u00e9nico, pueden venir de diferentes edades. Vamos a estar a partir de las 19:00 horas de manera continua los recorridos hasta nueve y media de la noche, dura como hora y media el recorrido\u201d.<\/p>\n\n\n\n<p>Estas actividades se realizar\u00e1n en el espacio del Toque de Gracia donde ha habido una gran convocatoria para los conciertos y talleres.<br>Los boletos para los conciertos pueden adquirirse en la p\u00e1gina\u00a0<a rel=\"noreferrer noopener\" href=\"http:\/\/www.boletopolis.com\/\" target=\"_blank\">www.boletopolis.com<\/a>. Mientras que los interesados en los talleres pueden comunicarse a trav\u00e9s de la p\u00e1gina de Facebook Toque de Gracia o al n\u00famero celular 2281310716.<\/p>\n\n\n\n<p>Los boletos para los recorridos guiados ser\u00e1n vendidos el d\u00eda del evento.<\/p>\n\n\n\n<h3 class=\"wp-block-heading\">TAMALES Y MOLES<\/h3>\n\n\n\n<p>El chef Willy Gracia indic\u00f3 que el restaurante Toque de Gracia genera un men\u00fa de temporada desde hace siete a\u00f1os. Para el D\u00eda de Muertos y Todos Santos preparar\u00e1 tamales de distintas formas, colores y sabores.<\/p>\n\n\n\n<p>\u201cUno de los tamales es todo rojo, es un tamal ranchero de robalo con mole rosa y fermento de berenjena, que es como nuestra versi\u00f3n del tamal ranchero xalape\u00f1o. Tambi\u00e9n otro tamal de dulce de calabaza con pepita y helado. Otro tamal es de elote con mole blanco y tepache. Va a haber otras dos versiones de tamales para completar el men\u00fa\u201d, coment\u00f3.<\/p>\n\n\n\n<p>El men\u00fa del D\u00eda de Muertos elaborado con productos de temporada estar\u00e1 solo durante 15 o 20 d\u00edas, a partir del mi\u00e9rcoles 11 de octubre.<\/p>\n","protected":false},"excerpt":{"rendered":"<p>Juan Arcos\u00a0 Xalapa, Ver.- La m\u00fasica electr\u00f3nica de Nortec y el blues de Real Catorce ambientar\u00e1n el Festival Estridentista en la casa cultural Toque de Gracia, ubicada sobre la calle Santos Degollado n\u00famero 81, en la zona centro de la ciudad de Xalapa. El festival se llevar\u00e1 a cabo del 20 al 28 de octubre, [&hellip;]<\/p>\n","protected":false},"author":2476,"featured_media":46057,"comment_status":"open","ping_status":"open","sticky":false,"template":"","format":"standard","meta":{"_jetpack_memberships_contains_paid_content":false,"footnotes":""},"categories":[3],"tags":[],"class_list":["post-46056","post","type-post","status-publish","format-standard","has-post-thumbnail","hentry","category-xalapa"],"jetpack_featured_media_url":"https:\/\/encuentroinformativo.com.mx\/wp-content\/uploads\/2023\/10\/IMG_68822.jpg","jetpack_sharing_enabled":true,"jetpack_likes_enabled":true,"amp_enabled":true,"_links":{"self":[{"href":"https:\/\/encuentroinformativo.com.mx\/index.php?rest_route=\/wp\/v2\/posts\/46056","targetHints":{"allow":["GET"]}}],"collection":[{"href":"https:\/\/encuentroinformativo.com.mx\/index.php?rest_route=\/wp\/v2\/posts"}],"about":[{"href":"https:\/\/encuentroinformativo.com.mx\/index.php?rest_route=\/wp\/v2\/types\/post"}],"author":[{"embeddable":true,"href":"https:\/\/encuentroinformativo.com.mx\/index.php?rest_route=\/wp\/v2\/users\/2476"}],"replies":[{"embeddable":true,"href":"https:\/\/encuentroinformativo.com.mx\/index.php?rest_route=%2Fwp%2Fv2%2Fcomments&post=46056"}],"version-history":[{"count":1,"href":"https:\/\/encuentroinformativo.com.mx\/index.php?rest_route=\/wp\/v2\/posts\/46056\/revisions"}],"predecessor-version":[{"id":46058,"href":"https:\/\/encuentroinformativo.com.mx\/index.php?rest_route=\/wp\/v2\/posts\/46056\/revisions\/46058"}],"wp:featuredmedia":[{"embeddable":true,"href":"https:\/\/encuentroinformativo.com.mx\/index.php?rest_route=\/wp\/v2\/media\/46057"}],"wp:attachment":[{"href":"https:\/\/encuentroinformativo.com.mx\/index.php?rest_route=%2Fwp%2Fv2%2Fmedia&parent=46056"}],"wp:term":[{"taxonomy":"category","embeddable":true,"href":"https:\/\/encuentroinformativo.com.mx\/index.php?rest_route=%2Fwp%2Fv2%2Fcategories&post=46056"},{"taxonomy":"post_tag","embeddable":true,"href":"https:\/\/encuentroinformativo.com.mx\/index.php?rest_route=%2Fwp%2Fv2%2Ftags&post=46056"}],"curies":[{"name":"wp","href":"https:\/\/api.w.org\/{rel}","templated":true}]}}