{"id":46059,"date":"2023-10-04T14:33:40","date_gmt":"2023-10-04T20:33:40","guid":{"rendered":"https:\/\/encuentroinformativo.com.mx\/?p=46059"},"modified":"2023-10-04T14:33:44","modified_gmt":"2023-10-04T20:33:44","slug":"tras-despiste-de-jet-en-el-lencero-pasajeros-fuera-de-peligro-pc","status":"publish","type":"post","link":"https:\/\/encuentroinformativo.com.mx\/?p=46059","title":{"rendered":"Tras despiste de jet en El Lencero, pasajeros fuera de peligro: PC"},"content":{"rendered":"\n<p><strong>Dar\u00edo Pale <\/strong><\/p>\n\n\n\n<p>Xalapa, Ver.- La titular de la Secretar\u00eda de Protecci\u00f3n Civil (SPC), de Veracruz Guadalupe Osorno Maldonado dio a conocer que ninguno de los siete tripulantes del jet que tuvo problemas al aterrizar en el aeropuerto de El Lencero result\u00f3 herido de gravedad. \u00a0<\/p>\n\n\n\n<p>Mediante un comunicado se\u00f1alo que, &#8220;todas las personas que ven\u00edan en la aeronave est\u00e1n bien, eran siete tripulantes, de los cuales nada m\u00e1s dos fueron trasladadas al CAE para revisar su estado de salud, aunque iban con lesiones que no compromet\u00edan su vida&#8221;.\u00a0<\/p>\n\n\n\n<p>Fue a las 11:53 horas de este mi\u00e9rcoles cuando se registr\u00f3 el accidente en el aeropuerto nacional El Lencero, del municipio Emiliano Zapata, en el que una aeronave se sali\u00f3 de la pista al aterrizar.\u00a0<\/p>\n\n\n\n<p>El aeropuerto activ\u00f3 los protocolos de respuesta y las fuerzas de tarea atendieron de manera inmediata el incidente, asegur\u00f3 que se mantiene la colaboraci\u00f3n entre las distintas fuerzas de tarea para mantener los protocolos de seguridad en el aeropuerto.<\/p>\n\n\n\n<p>En la aeronave viajaban 7 personas quienes la evacuaron por su propio pie, y de las cuales en un principio fueron dos las personas trasladadas para su valoraci\u00f3n m\u00e9dica por elementos del Grupo Panteras de la SSP fue el parte de este accidente.<\/p>\n\n\n\n<p>Posteriormente se\u00f1al\u00f3 que como medida de precauci\u00f3n determinaron trasladar a otras tres personas para su valoraci\u00f3n m\u00e9dica haciendo un total de 5 de los siete personas que viajaban en la aeronave las que fueron trasladas a un hospital.<\/p>\n\n\n\n<p>Finalmente cabe se\u00f1alar que que al lugar llegaron personal de la SEDENA, Guardia Nacional, SPC, PCM, Grupo Panteras de la SSP, Fuerza Civil, CRUM y cuerpos de Rescate y Extinci\u00f3n de Incendios.<\/p>\n\n\n\n<figure class=\"wp-block-image size-large\"><img loading=\"lazy\" decoding=\"async\" width=\"708\" height=\"731\" src=\"https:\/\/encuentroinformativo.com.mx\/wp-content\/uploads\/2023\/10\/IMG-20231004-WA00852.jpg\" alt=\"\" class=\"wp-image-46061\" srcset=\"https:\/\/encuentroinformativo.com.mx\/wp-content\/uploads\/2023\/10\/IMG-20231004-WA00852.jpg 708w, https:\/\/encuentroinformativo.com.mx\/wp-content\/uploads\/2023\/10\/IMG-20231004-WA00852-291x300.jpg 291w\" sizes=\"auto, (max-width: 708px) 100vw, 708px\" \/><\/figure>\n","protected":false},"excerpt":{"rendered":"<p>Dar\u00edo Pale Xalapa, Ver.- La titular de la Secretar\u00eda de Protecci\u00f3n Civil (SPC), de Veracruz Guadalupe Osorno Maldonado dio a conocer que ninguno de los siete tripulantes del jet que tuvo problemas al aterrizar en el aeropuerto de El Lencero result\u00f3 herido de gravedad. \u00a0 Mediante un comunicado se\u00f1alo que, &#8220;todas las personas que ven\u00edan [&hellip;]<\/p>\n","protected":false},"author":2476,"featured_media":46060,"comment_status":"open","ping_status":"open","sticky":false,"template":"","format":"standard","meta":{"_jetpack_memberships_contains_paid_content":false,"footnotes":""},"categories":[8],"tags":[],"class_list":["post-46059","post","type-post","status-publish","format-standard","has-post-thumbnail","hentry","category-region"],"jetpack_featured_media_url":"https:\/\/encuentroinformativo.com.mx\/wp-content\/uploads\/2023\/10\/IMG-20231004-WA0052.jpg","jetpack_sharing_enabled":true,"jetpack_likes_enabled":true,"amp_enabled":true,"_links":{"self":[{"href":"https:\/\/encuentroinformativo.com.mx\/index.php?rest_route=\/wp\/v2\/posts\/46059","targetHints":{"allow":["GET"]}}],"collection":[{"href":"https:\/\/encuentroinformativo.com.mx\/index.php?rest_route=\/wp\/v2\/posts"}],"about":[{"href":"https:\/\/encuentroinformativo.com.mx\/index.php?rest_route=\/wp\/v2\/types\/post"}],"author":[{"embeddable":true,"href":"https:\/\/encuentroinformativo.com.mx\/index.php?rest_route=\/wp\/v2\/users\/2476"}],"replies":[{"embeddable":true,"href":"https:\/\/encuentroinformativo.com.mx\/index.php?rest_route=%2Fwp%2Fv2%2Fcomments&post=46059"}],"version-history":[{"count":1,"href":"https:\/\/encuentroinformativo.com.mx\/index.php?rest_route=\/wp\/v2\/posts\/46059\/revisions"}],"predecessor-version":[{"id":46062,"href":"https:\/\/encuentroinformativo.com.mx\/index.php?rest_route=\/wp\/v2\/posts\/46059\/revisions\/46062"}],"wp:featuredmedia":[{"embeddable":true,"href":"https:\/\/encuentroinformativo.com.mx\/index.php?rest_route=\/wp\/v2\/media\/46060"}],"wp:attachment":[{"href":"https:\/\/encuentroinformativo.com.mx\/index.php?rest_route=%2Fwp%2Fv2%2Fmedia&parent=46059"}],"wp:term":[{"taxonomy":"category","embeddable":true,"href":"https:\/\/encuentroinformativo.com.mx\/index.php?rest_route=%2Fwp%2Fv2%2Fcategories&post=46059"},{"taxonomy":"post_tag","embeddable":true,"href":"https:\/\/encuentroinformativo.com.mx\/index.php?rest_route=%2Fwp%2Fv2%2Ftags&post=46059"}],"curies":[{"name":"wp","href":"https:\/\/api.w.org\/{rel}","templated":true}]}}