{"id":4606,"date":"2020-08-03T12:50:53","date_gmt":"2020-08-03T17:50:53","guid":{"rendered":"https:\/\/encuentroinformativo.com\/?p=4606"},"modified":"2020-08-03T12:50:55","modified_gmt":"2020-08-03T17:50:55","slug":"congreso-y-violencia-contra-mujeres","status":"publish","type":"post","link":"https:\/\/encuentroinformativo.com.mx\/?p=4606","title":{"rendered":"Congreso y Violencia contra Mujeres"},"content":{"rendered":"\n<p><strong>N\u00fameros Rojos<\/strong><\/p>\n\n\n\n<p><strong>Brenda Caballero<\/strong><br><\/p>\n\n\n\n<p>Tal parece que ahora s\u00ed el Congreso local se puso las pilas y le hizo caso a las diputadas para defender a las veracruzanas desde las curules, pues han hecho reformas a las leyes de Veracruz para que ahora s\u00ed, las mujeres sean menos violentadas desde diversos \u00e1ngulos.&nbsp;<\/p>\n\n\n\n<p>La diputada M\u00f3nica Robles Barajas considera que se debe&nbsp; fortalecer la participaci\u00f3n pol\u00edtica de las mujeres en Veracruz y garantizar su acceso a una vida libre de violencia antes, durante y despu\u00e9s de los procesos electorales en el desempe\u00f1o de sus cargos p\u00fablicos, y en todo tipo de participaci\u00f3n o actuaci\u00f3n en dicho \u00e1mbito. Considera que con la creciente participaci\u00f3n pol\u00edtica de las mujeres se visibiliza otras caras de la violencia de g\u00e9nero y de discriminaci\u00f3n en contra de quienes aspiran y contienden como candidatas, gobiernan, legislan, dirigen y militan en partidos pol\u00edticos, esa situaci\u00f3n asegura se extiende a servidoras p\u00fablicas que encabezan instituciones, organismos o grupos ciudadanos.<\/p>\n\n\n\n<p>La diputada Nora Jessica Lagunes J\u00e1uregui promovi\u00f3 el empoderamiento de las mujeres y la perspectiva de g\u00e9nero en cada uno de los poderes del Estado, en el \u00e1mbito de su competencia, para garantizar la igualdad entre hombres y mujeres.&nbsp;<\/p>\n\n\n\n<p>Por su parte, la diputada Erika Ayala R\u00edos se manifest\u00f3 por reformar la definici\u00f3n del Acoso sexual como \u201cforma de violencia consistente en cualquier tipo de molestia de connotaci\u00f3n sexual hacia la mujer, vali\u00e9ndose de una posici\u00f3n jer\u00e1rquica derivada de relaciones laborales, escolares, dom\u00e9sticas o de cualquier otra \u00edndole que implique subordinaci\u00f3n, sea \u00e9sta emocional, de g\u00e9nero o psicol\u00f3gica\u201d y lo que se entiende por Hostigamiento sexual el \u201cejercicio del poder, en una relaci\u00f3n de subordinaci\u00f3n real de la v\u00edctima frente a la persona agresora en los \u00e1mbitos laboral o escolar, entre otros, que se expresa en conductas verbales, f\u00edsica o ambas, relacionadas con la sexualidad, de connotaci\u00f3n lasciva\u201d.&nbsp;<\/p>\n\n\n\n<p>La diputada Ivonne Trujillo Ortiz se enfoc\u00f3 en los modelos de prevenci\u00f3n, atenci\u00f3n, sanci\u00f3n y erradicaci\u00f3n que establezcan los gobiernos estatal y municipal, para proteger a las v\u00edctimas de violencia en el \u00e1mbito familiar, para ello, deber\u00e1n favorecer la separaci\u00f3n y alejamiento de la persona agresora respecto de la v\u00edctima, especialmente durante resguardo domiciliario dictado por autoridad competente, en caso de epidemia de car\u00e1cter grave, peligro de invasi\u00f3n de enfermedades transmisibles, situaciones de emergencia o cat\u00e1strofe.<\/p>\n\n\n\n<p>El tema de violencia digital fue propuesto por la diputada Montserrat Ortega Ruiz y se enfoca en que \u201cel gobierno municipal, as\u00ed como las autoridades jurisdiccionales, en el \u00e1mbito de su competencia, garantizar\u00e1n a las mujeres el derecho a una vida libre de violencia digital y tomar\u00e1n en consideraci\u00f3n los da\u00f1os que \u00e9sta pueda generar en las v\u00edctimas\u201d.<\/p>\n\n\n\n<p>Ojal\u00e1 que estas reformas no se queden \u00fanicamente en papel y de verdad ayuden a disminuir la violencia que sufren las mujeres en Veracruz, pues de verdad urge disminuir los feminicidios.<br><\/p>\n\n\n\n<p><strong>Sociedad Civil, fuera de elecci\u00f3n de titular del IVM<\/strong><br><\/p>\n\n\n\n<p>Despu\u00e9s de varios meses, parece que ahora s\u00ed pr\u00f3ximamente habr\u00e1 titular del Instituto Veracruzano de las Mujeres, pero todo indica que ya no se convocar\u00e1 a la sociedad civil, para elegirla, pues la diputada por Morena, Mar\u00eda Esther L\u00f3pez Callejas propuso modificar la&nbsp; Ley que crea el IVM, donde propone incorporar a la Junta de Gobierno, con voz y voto, al titular de la Secretar\u00eda de Gobierno, es decir Eric Patrocinio Cisneros Burgos.<\/p>\n\n\n\n<p>Si bien el Instituto es un organismo p\u00fablico descentralizado, estaba sectorizado a la Secretar\u00eda de Gobierno del Estado.<\/p>\n\n\n\n<p>Anteriormente, para decidir a la titular del IVM, se le propon\u00eda al Gobernador del Estado una terna, y \u00e9l decid\u00eda. Dicha terna era propuesta de los Consejos Consultivo y Social integrados por mujeres de varias partes del estado y con ideolog\u00edas diferentes, pero que trabajan en favor de las mujeres.<\/p>\n\n\n\n<p>A\u00fan recuerdo me toc\u00f3 documentar la designaci\u00f3n de la anterior titular, y fueron dos largos d\u00edas para poder sacar una terna. Cualquier mujer pod\u00eda inscribirse, reunir todos los requisitos que los Consejos revisaban y presentar su propuesta de ser designada como titular del IVM&nbsp; ante las integrantes de los Consejos Consultivo y Social (alrededor de 35) posteriormente eran votadas y se sacaba la terna, entre mujeres que trabajan por mujeres sin ninguna autoridad gubernamental de por medio; mujeres que recorren el estado y ven con sus propios ojos los problemas de las veracruzanas.<\/p>\n\n\n\n<p>De aprobarse el proyecto que ya pas\u00f3 a la Comisi\u00f3n Permanente para la Igualdad de G\u00e9nero, la titular del IVM ser\u00e1 designada por la Junta de Gobierno que integra el gobernador, la directora, cinco secretar\u00edas, una diputada y cuatro consejeras.<br><\/p>\n\n\n\n<p>@NumerosRojos_BC<\/p>\n\n\n\n<p><a href=\"mailto:caballero_brenda@hotmail.com\" target=\"_blank\" rel=\"noreferrer noopener\">caballero_brenda@hotmail.com<\/a><\/p>\n","protected":false},"excerpt":{"rendered":"<p>N\u00fameros Rojos Brenda Caballero Tal parece que ahora s\u00ed el Congreso local se puso las pilas y le hizo caso a las diputadas para defender a las veracruzanas desde las curules, pues han hecho reformas a las leyes de Veracruz para que ahora s\u00ed, las mujeres sean menos violentadas desde diversos \u00e1ngulos.&nbsp; La diputada M\u00f3nica [&hellip;]<\/p>\n","protected":false},"author":1,"featured_media":387,"comment_status":"open","ping_status":"open","sticky":false,"template":"","format":"standard","meta":{"_jetpack_memberships_contains_paid_content":false,"footnotes":""},"categories":[11],"tags":[],"class_list":["post-4606","post","type-post","status-publish","format-standard","has-post-thumbnail","hentry","category-opinion"],"jetpack_featured_media_url":"https:\/\/encuentroinformativo.com.mx\/wp-content\/uploads\/2020\/03\/7CF8A22B-2764-47BE-8F7F-38FE9E5D6A2F.jpeg","jetpack_sharing_enabled":true,"jetpack_likes_enabled":true,"amp_enabled":true,"_links":{"self":[{"href":"https:\/\/encuentroinformativo.com.mx\/index.php?rest_route=\/wp\/v2\/posts\/4606","targetHints":{"allow":["GET"]}}],"collection":[{"href":"https:\/\/encuentroinformativo.com.mx\/index.php?rest_route=\/wp\/v2\/posts"}],"about":[{"href":"https:\/\/encuentroinformativo.com.mx\/index.php?rest_route=\/wp\/v2\/types\/post"}],"author":[{"embeddable":true,"href":"https:\/\/encuentroinformativo.com.mx\/index.php?rest_route=\/wp\/v2\/users\/1"}],"replies":[{"embeddable":true,"href":"https:\/\/encuentroinformativo.com.mx\/index.php?rest_route=%2Fwp%2Fv2%2Fcomments&post=4606"}],"version-history":[{"count":1,"href":"https:\/\/encuentroinformativo.com.mx\/index.php?rest_route=\/wp\/v2\/posts\/4606\/revisions"}],"predecessor-version":[{"id":4607,"href":"https:\/\/encuentroinformativo.com.mx\/index.php?rest_route=\/wp\/v2\/posts\/4606\/revisions\/4607"}],"wp:featuredmedia":[{"embeddable":true,"href":"https:\/\/encuentroinformativo.com.mx\/index.php?rest_route=\/wp\/v2\/media\/387"}],"wp:attachment":[{"href":"https:\/\/encuentroinformativo.com.mx\/index.php?rest_route=%2Fwp%2Fv2%2Fmedia&parent=4606"}],"wp:term":[{"taxonomy":"category","embeddable":true,"href":"https:\/\/encuentroinformativo.com.mx\/index.php?rest_route=%2Fwp%2Fv2%2Fcategories&post=4606"},{"taxonomy":"post_tag","embeddable":true,"href":"https:\/\/encuentroinformativo.com.mx\/index.php?rest_route=%2Fwp%2Fv2%2Ftags&post=4606"}],"curies":[{"name":"wp","href":"https:\/\/api.w.org\/{rel}","templated":true}]}}