{"id":46071,"date":"2023-10-04T18:50:19","date_gmt":"2023-10-05T00:50:19","guid":{"rendered":"https:\/\/encuentroinformativo.com.mx\/?p=46071"},"modified":"2023-10-04T18:50:22","modified_gmt":"2023-10-05T00:50:22","slug":"necesario-reforzar-acciones-de-fumigacion-contra-dengue-del-rio-virgen","status":"publish","type":"post","link":"https:\/\/encuentroinformativo.com.mx\/?p=46071","title":{"rendered":"Necesario reforzar acciones de fumigaci\u00f3n contra dengue: Del R\u00edo Virgen"},"content":{"rendered":"\n<p>Veracruz Ver.- Luego de que la Secretar\u00eda de Salud federal diera a conocer que el estado de Veracruz est\u00e1 en segundo lugar a nivel nacional con m\u00e1s casos de dengue, Jos\u00e9 Manuel del R\u00edo Virgen llam\u00f3 a las autoridades sanitarias de la entidad a coordinarse con los municipios para reforzar los trabajos de fumigaci\u00f3n para evitar la propagaci\u00f3n del mosco transmisor.<\/p>\n\n\n\n<p>\u201cLa falta de coordinaci\u00f3n y de reforzamiento de fumigaci\u00f3n representa una amenaza para que suban a\u00fan m\u00e1s los casos de dengue poniendo en riesgo a la poblaci\u00f3n infantil y de la tercera edad principalmente\u201d, advirti\u00f3 el activista y Secretario T\u00e9cnico de la Junta de Coordinaci\u00f3n Pol\u00edtica del Senado de la Rep\u00fablica.<\/p>\n\n\n\n<p>Dijo que el proceso anticipado de lucha interna de Morena ha distra\u00eddo la atenci\u00f3n de las autoridades de las problem\u00e1ticas reales en la entidad y que en el caso del dengue al gobierno del estado se le olvid\u00f3 hasta la promoci\u00f3n de una buena y estrat\u00e9gica campa\u00f1a sanitaria de lucha contra la enfermedad para poner en alerta a los veracruzanos sobre las medidas que se requieren para reducir los riesgos.<\/p>\n\n\n\n<p>En su opini\u00f3n \u201cfalt\u00f3 comunicaci\u00f3n en escuelas para crear los espacios seguros y desplegar acciones para le educaci\u00f3n para la salud, difusi\u00f3n, participaci\u00f3n social, prevenci\u00f3n y control de enfermedades transmitidas por vector en los colegios de nivel preescolar b\u00e1sico, medio superior y superior\u201d.<\/p>\n\n\n\n<p>Tampoco se brind\u00f3 informaci\u00f3n necesaria en unidades m\u00e9dicas p\u00fablicas y privadas y en viviendas, edificios, as\u00ed como entornos p\u00fablicos en los municipios de la entidad, en donde se debi\u00f3 destacar la importancia de la estrategia de patio limpio, cuidado del agua almacenada y control integrada del vector, a\u00f1adi\u00f3 del R\u00edo Virgen.<\/p>\n\n\n\n<p>Los mosquitos del dengue se presentan en zonas urbanas con altitudes inferiores sobre el nivel del mar y temperaturas c\u00e1lidas, donde ponen sus huevos en dep\u00f3sitos de agua limpia o sucia como albercas, floreros de plantas acu\u00e1ticas, llantas, baldes de agua y cualquier recipiente que est\u00e1 a la intemperie y que puede almacenar agua, por lo que es necesario y prioritario informar a la poblaci\u00f3n al respecto.<\/p>\n","protected":false},"excerpt":{"rendered":"<p>Veracruz Ver.- Luego de que la Secretar\u00eda de Salud federal diera a conocer que el estado de Veracruz est\u00e1 en segundo lugar a nivel nacional con m\u00e1s casos de dengue, Jos\u00e9 Manuel del R\u00edo Virgen llam\u00f3 a las autoridades sanitarias de la entidad a coordinarse con los municipios para reforzar los trabajos de fumigaci\u00f3n para [&hellip;]<\/p>\n","protected":false},"author":2476,"featured_media":46072,"comment_status":"open","ping_status":"open","sticky":false,"template":"","format":"standard","meta":{"_jetpack_memberships_contains_paid_content":false,"footnotes":""},"categories":[9],"tags":[],"class_list":["post-46071","post","type-post","status-publish","format-standard","has-post-thumbnail","hentry","category-salud"],"jetpack_featured_media_url":"https:\/\/encuentroinformativo.com.mx\/wp-content\/uploads\/2023\/10\/DEL-RIO-VIRGEN-410232.jpeg","jetpack_sharing_enabled":true,"jetpack_likes_enabled":true,"amp_enabled":true,"_links":{"self":[{"href":"https:\/\/encuentroinformativo.com.mx\/index.php?rest_route=\/wp\/v2\/posts\/46071","targetHints":{"allow":["GET"]}}],"collection":[{"href":"https:\/\/encuentroinformativo.com.mx\/index.php?rest_route=\/wp\/v2\/posts"}],"about":[{"href":"https:\/\/encuentroinformativo.com.mx\/index.php?rest_route=\/wp\/v2\/types\/post"}],"author":[{"embeddable":true,"href":"https:\/\/encuentroinformativo.com.mx\/index.php?rest_route=\/wp\/v2\/users\/2476"}],"replies":[{"embeddable":true,"href":"https:\/\/encuentroinformativo.com.mx\/index.php?rest_route=%2Fwp%2Fv2%2Fcomments&post=46071"}],"version-history":[{"count":1,"href":"https:\/\/encuentroinformativo.com.mx\/index.php?rest_route=\/wp\/v2\/posts\/46071\/revisions"}],"predecessor-version":[{"id":46073,"href":"https:\/\/encuentroinformativo.com.mx\/index.php?rest_route=\/wp\/v2\/posts\/46071\/revisions\/46073"}],"wp:featuredmedia":[{"embeddable":true,"href":"https:\/\/encuentroinformativo.com.mx\/index.php?rest_route=\/wp\/v2\/media\/46072"}],"wp:attachment":[{"href":"https:\/\/encuentroinformativo.com.mx\/index.php?rest_route=%2Fwp%2Fv2%2Fmedia&parent=46071"}],"wp:term":[{"taxonomy":"category","embeddable":true,"href":"https:\/\/encuentroinformativo.com.mx\/index.php?rest_route=%2Fwp%2Fv2%2Fcategories&post=46071"},{"taxonomy":"post_tag","embeddable":true,"href":"https:\/\/encuentroinformativo.com.mx\/index.php?rest_route=%2Fwp%2Fv2%2Ftags&post=46071"}],"curies":[{"name":"wp","href":"https:\/\/api.w.org\/{rel}","templated":true}]}}