{"id":46082,"date":"2023-10-05T10:03:00","date_gmt":"2023-10-05T16:03:00","guid":{"rendered":"https:\/\/encuentroinformativo.com.mx\/?p=46082"},"modified":"2023-10-05T10:03:04","modified_gmt":"2023-10-05T16:03:04","slug":"candidaturas-moneda-en-el-aire","status":"publish","type":"post","link":"https:\/\/encuentroinformativo.com.mx\/?p=46082","title":{"rendered":"CANDIDATURAS: MONEDA EN EL AIRE"},"content":{"rendered":"\n<p><strong>Los Pol\u00edticos<\/strong><\/p>\n\n\n\n<p><strong>Salvador Mu\u00f1oz<\/strong><\/p>\n\n\n\n<p>Tanto el Frente como el partido en el Poder viven un dilema\u2026 a medias.<\/p>\n\n\n\n<p>Para los fans de Pepe Yunes, es claro que el candidato del Frente Amplio veracruzano est\u00e1 m\u00e1s que cantado: \u00a1Es Pepe!<\/p>\n\n\n\n<p>Por el lado de los aliancistas generacionales, ellos igual tienen definido al candidato: Es H\u00e9ctor.<\/p>\n\n\n\n<p>En el caso del PAN, los chapitos y sus aliados saben que ni Fernando ni Miguel chico ser\u00e1n el candidato\u2026<\/p>\n\n\n\n<p>En tanto los Hermanos Yunes est\u00e1n convencidos de que el candidato puede ser cualquiera, menos Julen, aliado del Chapito Guzm\u00e1n.<\/p>\n\n\n\n<p>Ajenas a estas broncas, est\u00e1n la presidenta municipal de Veracruz, Paty Lobeira as\u00ed como la diputada local Anil\u00fa Ingram Vallines.<\/p>\n\n\n\n<p>La edil panista alguna vez pint\u00f3 su raya en la contienda por la candidatura para este 2024 y la segunda, sin decir que quiere ser candidata, ha dado se\u00f1ales de que est\u00e1 lista si el partido y los ciudadanos la respaldan.<\/p>\n\n\n\n<p>De cierto modo, lo m\u00e1s conveniente para el Frente, es que si es var\u00f3n, el candidato salga entre H\u00e9ctor o Pepe en aras de no generar encono o m\u00e1s divisi\u00f3n en el PAN. Y si las piezas a nivel nacional se mueven en el sentido de la paridad, y en Veracruz se pidiera Candidata, Anil\u00fa entrar\u00eda en las mismas condiciones que H\u00e9ctor o Pepe: una entidad de cohesi\u00f3n pol\u00edtica\u2026 s\u00ed, en el PAN.<\/p>\n\n\n\n<p>En el caso de Morena, faltando por definir supuestamente dos figuras para completar la media docena de aspirantes y bajo el creciente rumor de que entren todos a la encuesta, la disputa por la candidatura se est\u00e1 dando entre lo pol\u00edtico y lo medi\u00e1tico.<\/p>\n\n\n\n<p>En lo pol\u00edtico, al menos con la Ma\u00f1anera de ayer, L\u00f3pez Obrador da otra se\u00f1al de que la candidata ha sido, es y ser\u00e1 Roc\u00edo Nahle.<\/p>\n\n\n\n<p>En lo medi\u00e1tico y en las redes sociales, todo indica que Roc\u00edo Nahle es la rival a vencer porque las bater\u00edas est\u00e1n enfocadas contra ella, al menos por tres de los cuatro varones que contienden por el boleto de la Candidatura.<\/p>\n\n\n\n<p>Aparentemente Morena pondr\u00e1 a disposici\u00f3n del Pueblo Bueno y Sabio, a trav\u00e9s de encuestas, la decisi\u00f3n de elegir al candidato o la candidata.<\/p>\n\n\n\n<p>Se supone que la candidatura no ser\u00eda problema desde que AMLO ya decidi\u00f3 desde hace rato qui\u00e9n ser\u00e1 la buena\u2026 pero no, lo que parece indicar s\u00f3lo una cosa: los morenos de Veracruz entendieron lo que significa \u201cel \u00faltimo a\u00f1o de gobierno de L\u00f3pez Obrador\u201d y su paso a la soledad\u2026<\/p>\n\n\n\n<p>Aunque tambi\u00e9n parece que tienen otra visi\u00f3n del \u00faltimo a\u00f1o del Presidente y el ascenso de la candidata a la Presidencia, Claudia Sheinbaum\u2026 parece que tampoco la est\u00e1n tomando en cuenta.<\/p>\n\n\n\n<p>Para entender esto, habr\u00eda que atender una pregunta simple que pudiera decirnos qui\u00e9n ser\u00eda la persona elegida para ser candidato o candidata de Morena en Veracruz, con o sin encuestas: En el multiverso moreno, donde Claudia Sheinbaum gana la presidencia este 2024, \u00bfcon qui\u00e9n creen que le gustar\u00eda trabajar coordinadamente en Veracruz? \u00bfCon un Gobernador o una Gobernadora?<\/p>\n\n\n\n<p>En cualquier otro escenario, pudiera jurar que atendiendo esta pregunta, la candidatura ya ser\u00eda un hecho, pero Morena, queriendo jugar a la democracia, se pone el pie solo porque los contendientes de Nahle de verdad creen en la democracia que tanto pregona su gur\u00fa L\u00f3pez Obrador\u2026 as\u00ed, igualito como lo crey\u00f3 Marcelo Ebrard.<\/p>\n\n\n\n<p>Mientras, tanto en el Frente como en Morena, las circunstancias obligan a decir con respecto a sus candidatos locales, que la moneda est\u00e1 en el aire.<\/p>\n","protected":false},"excerpt":{"rendered":"<p>Los Pol\u00edticos Salvador Mu\u00f1oz Tanto el Frente como el partido en el Poder viven un dilema\u2026 a medias. Para los fans de Pepe Yunes, es claro que el candidato del Frente Amplio veracruzano est\u00e1 m\u00e1s que cantado: \u00a1Es Pepe! Por el lado de los aliancistas generacionales, ellos igual tienen definido al candidato: Es H\u00e9ctor. En [&hellip;]<\/p>\n","protected":false},"author":2476,"featured_media":387,"comment_status":"open","ping_status":"open","sticky":false,"template":"","format":"standard","meta":{"_jetpack_memberships_contains_paid_content":false,"footnotes":""},"categories":[11],"tags":[],"class_list":["post-46082","post","type-post","status-publish","format-standard","has-post-thumbnail","hentry","category-opinion"],"jetpack_featured_media_url":"https:\/\/encuentroinformativo.com.mx\/wp-content\/uploads\/2020\/03\/7CF8A22B-2764-47BE-8F7F-38FE9E5D6A2F.jpeg","jetpack_sharing_enabled":true,"jetpack_likes_enabled":true,"amp_enabled":true,"_links":{"self":[{"href":"https:\/\/encuentroinformativo.com.mx\/index.php?rest_route=\/wp\/v2\/posts\/46082","targetHints":{"allow":["GET"]}}],"collection":[{"href":"https:\/\/encuentroinformativo.com.mx\/index.php?rest_route=\/wp\/v2\/posts"}],"about":[{"href":"https:\/\/encuentroinformativo.com.mx\/index.php?rest_route=\/wp\/v2\/types\/post"}],"author":[{"embeddable":true,"href":"https:\/\/encuentroinformativo.com.mx\/index.php?rest_route=\/wp\/v2\/users\/2476"}],"replies":[{"embeddable":true,"href":"https:\/\/encuentroinformativo.com.mx\/index.php?rest_route=%2Fwp%2Fv2%2Fcomments&post=46082"}],"version-history":[{"count":1,"href":"https:\/\/encuentroinformativo.com.mx\/index.php?rest_route=\/wp\/v2\/posts\/46082\/revisions"}],"predecessor-version":[{"id":46083,"href":"https:\/\/encuentroinformativo.com.mx\/index.php?rest_route=\/wp\/v2\/posts\/46082\/revisions\/46083"}],"wp:featuredmedia":[{"embeddable":true,"href":"https:\/\/encuentroinformativo.com.mx\/index.php?rest_route=\/wp\/v2\/media\/387"}],"wp:attachment":[{"href":"https:\/\/encuentroinformativo.com.mx\/index.php?rest_route=%2Fwp%2Fv2%2Fmedia&parent=46082"}],"wp:term":[{"taxonomy":"category","embeddable":true,"href":"https:\/\/encuentroinformativo.com.mx\/index.php?rest_route=%2Fwp%2Fv2%2Fcategories&post=46082"},{"taxonomy":"post_tag","embeddable":true,"href":"https:\/\/encuentroinformativo.com.mx\/index.php?rest_route=%2Fwp%2Fv2%2Ftags&post=46082"}],"curies":[{"name":"wp","href":"https:\/\/api.w.org\/{rel}","templated":true}]}}