{"id":46087,"date":"2023-10-05T12:12:55","date_gmt":"2023-10-05T18:12:55","guid":{"rendered":"https:\/\/encuentroinformativo.com.mx\/?p=46087"},"modified":"2023-10-05T12:13:03","modified_gmt":"2023-10-05T18:13:03","slug":"como-cada-jueves-protestan-y-bloquean-jubilados-el-centro-de-xalapa","status":"publish","type":"post","link":"https:\/\/encuentroinformativo.com.mx\/?p=46087","title":{"rendered":"Como cada jueves, protestan y bloquean jubilados el centro de Xalapa"},"content":{"rendered":"\n<p><strong>Juan Arcos <\/strong><\/p>\n\n\n\n<p>Xalapa, Ver.- Pensionados y jubilados protestaron y cerraron la calle Juan de la Luz Enr\u00edquez, en el centro de Xalapa, como cada jueves, por la falta de seguros institucionales desde el a\u00f1o 2021.<\/p>\n\n\n\n<p>Los integrantes de la Agrupaci\u00f3n Estatal de Jubilados y Pensionados del ISSSTE en el Estado de Veracruz (Ajupiv) reiteraron su denuncia p\u00fablica contra el gobierno estatal por haber cancelado a los jubilados de la Secretar\u00eda de Educaci\u00f3n de Veracruz (SEV) el seguro de vida.<\/p>\n\n\n\n<p>Recordaron que la Oficial\u00eda Mayor de la SEV reconoci\u00f3 que hay cerca de 12 mil jubilados afectados, adem\u00e1s de los familiares de sus compa\u00f1eros que han fallecido desde el 1 de noviembre de 2021 a la fecha.<\/p>\n\n\n\n<p>De acuerdo con Gabriel D\u00edaz, integrante de la Ajupiv, contin\u00faan realiz\u00e1ndose los descuentos a sus talones de pago, lo que podr\u00eda considerarse un acto de corrupci\u00f3n, debido a que se desconoce el paradero de esos recursos econ\u00f3micos.<\/p>\n\n\n\n<p>\u201cEste pago por fallecimiento se determina seg\u00fan el monto mensual de la pensi\u00f3n del Issste de que disfruten, 18 meses de pensi\u00f3n que suman, en promedio, quinientos mil pesos. Seguramente esta cantidad de dinero le parece irrelevante a la nueva clase pol\u00edtica de la llamada Cuarta Transformaci\u00f3n, que de la noche a la ma\u00f1ana o, para ser m\u00e1s precisos, del a\u00f1o 2018 al 2023, han visto acrecentados sus ingresos ahora como funcionarios p\u00fablicos bien pagados\u201d.<\/p>\n\n\n\n<p>Los inconformes opinaron que se trata de un presunto abuso de autoridad, toda vez que la cancelaci\u00f3n de la p\u00f3liza del seguro de vida se realiz\u00f3 a \u201cescondidas\u201d, sin notificar a los involucrados.<\/p>\n\n\n\n<p>\u201cTambi\u00e9n es un abuso de autoridad porque se hace a escondidas, procurando que nadie sepa, cuando la ley ordena a los servidores p\u00fablicos que sus actos de autoridad sean fundados y motivados. Y no hay una notificaci\u00f3n a los afectados, a los trabajadores jubilados de la SEV, tampoco a los l\u00edderes sindicales que alguna vez nos representaron, porque no pueden fundamentar la cancelaci\u00f3n de nuestro seguro de vida porque se trata de un derecho humano consagrado en la Constituci\u00f3n Pol\u00edtica de los Estados Unidos Mexicanos, el derecho a la seguridad social que incluye los seguros m\u00e9dicos, hospitalarios, las enfermedades los riesgos de trabajo, y la muerte del trabajador jubilado\u201d, a\u00f1adieron.<\/p>\n\n\n\n<p>Indicaron que entre los ordenamientos jur\u00eddicos que respaldan el derecho al seguro de vida destaca tambi\u00e9n la Ley del Issste, que establece en su art\u00edculo 1\u00ba que \u201cesta Ley es de orden p\u00fablico, de inter\u00e9s social y de observancia en toda la Rep\u00fablica, y se aplicar\u00e1 a las Dependencias, Entidades, Trabajadores al servicio civil, Pensionados y Familiares Derechohabientes\u201d.<\/p>\n\n\n\n<p>\u201cAdem\u00e1s, de manera contundente en su art\u00edculo 3\u00ba la Ley del Issste precisa que se establecen con car\u00e1cter obligatorio los siguientes seguros: IV (los seguros) De Invalidez y vida. Hay jurisprudencia de la Suprema Corte de Justicia de la Naci\u00f3n que ratifica este derecho humano\u201d.<\/p>\n\n\n\n<p>Finalmente, mencionaron que las autoridades estatales incurrieron en un posible delito cuyas consecuencias deber\u00e1n de afrontar en un futuro pr\u00f3ximo, cuando ya no tenga fuero constitucional.<\/p>\n","protected":false},"excerpt":{"rendered":"<p>Juan Arcos Xalapa, Ver.- Pensionados y jubilados protestaron y cerraron la calle Juan de la Luz Enr\u00edquez, en el centro de Xalapa, como cada jueves, por la falta de seguros institucionales desde el a\u00f1o 2021. Los integrantes de la Agrupaci\u00f3n Estatal de Jubilados y Pensionados del ISSSTE en el Estado de Veracruz (Ajupiv) reiteraron su [&hellip;]<\/p>\n","protected":false},"author":2476,"featured_media":46088,"comment_status":"open","ping_status":"open","sticky":false,"template":"","format":"standard","meta":{"_jetpack_memberships_contains_paid_content":false,"footnotes":""},"categories":[3],"tags":[],"class_list":["post-46087","post","type-post","status-publish","format-standard","has-post-thumbnail","hentry","category-xalapa"],"jetpack_featured_media_url":"https:\/\/encuentroinformativo.com.mx\/wp-content\/uploads\/2023\/10\/IMG_6958.jpg","jetpack_sharing_enabled":true,"jetpack_likes_enabled":true,"amp_enabled":true,"_links":{"self":[{"href":"https:\/\/encuentroinformativo.com.mx\/index.php?rest_route=\/wp\/v2\/posts\/46087","targetHints":{"allow":["GET"]}}],"collection":[{"href":"https:\/\/encuentroinformativo.com.mx\/index.php?rest_route=\/wp\/v2\/posts"}],"about":[{"href":"https:\/\/encuentroinformativo.com.mx\/index.php?rest_route=\/wp\/v2\/types\/post"}],"author":[{"embeddable":true,"href":"https:\/\/encuentroinformativo.com.mx\/index.php?rest_route=\/wp\/v2\/users\/2476"}],"replies":[{"embeddable":true,"href":"https:\/\/encuentroinformativo.com.mx\/index.php?rest_route=%2Fwp%2Fv2%2Fcomments&post=46087"}],"version-history":[{"count":1,"href":"https:\/\/encuentroinformativo.com.mx\/index.php?rest_route=\/wp\/v2\/posts\/46087\/revisions"}],"predecessor-version":[{"id":46089,"href":"https:\/\/encuentroinformativo.com.mx\/index.php?rest_route=\/wp\/v2\/posts\/46087\/revisions\/46089"}],"wp:featuredmedia":[{"embeddable":true,"href":"https:\/\/encuentroinformativo.com.mx\/index.php?rest_route=\/wp\/v2\/media\/46088"}],"wp:attachment":[{"href":"https:\/\/encuentroinformativo.com.mx\/index.php?rest_route=%2Fwp%2Fv2%2Fmedia&parent=46087"}],"wp:term":[{"taxonomy":"category","embeddable":true,"href":"https:\/\/encuentroinformativo.com.mx\/index.php?rest_route=%2Fwp%2Fv2%2Fcategories&post=46087"},{"taxonomy":"post_tag","embeddable":true,"href":"https:\/\/encuentroinformativo.com.mx\/index.php?rest_route=%2Fwp%2Fv2%2Ftags&post=46087"}],"curies":[{"name":"wp","href":"https:\/\/api.w.org\/{rel}","templated":true}]}}