{"id":46090,"date":"2023-10-05T12:51:59","date_gmt":"2023-10-05T18:51:59","guid":{"rendered":"https:\/\/encuentroinformativo.com.mx\/?p=46090"},"modified":"2023-10-06T22:24:13","modified_gmt":"2023-10-07T04:24:13","slug":"invitan-a-festival-como-suena-la-clave-en-coatepec","status":"publish","type":"post","link":"https:\/\/encuentroinformativo.com.mx\/?p=46090","title":{"rendered":"Invitan a Festival Como Suena la Clave"},"content":{"rendered":"\n<p><strong>Dar\u00edo Pale <\/strong><\/p>\n\n\n\n<p>Xalapa, Ver.- Leonardo Ortiz, director del &#8220;Festival Como Suena la Clave&#8221; reiter\u00f3 la invitaci\u00f3n al p\u00fablico en general para asistir al evento que se realizar\u00e1 en el Barrio M\u00e1gico.<\/p>\n\n\n\n<p>En conferencia de prensa la cooperativa que organiza la novena edici\u00f3n del Festival, dio a conocer que las actividades se desarrollar\u00e1n los d\u00edas 13, 14 y 15 de octubre, y contar\u00e1n con presentaciones musicales con 12 orquestas, exposiciones gastron\u00f3micas y un foro acad\u00e9mico.<\/p>\n\n\n\n<p>&#8220;Es un festival que pretende visibilizar a nuestras orquestas, darles un escaparate donde muestren el trabajo creativo y no tengamos y no tengamos que estar importando orquestas para los festivales&#8221;, se\u00f1al\u00f3.<\/p>\n\n\n\n<p>Tambi\u00e9n se ofrecer\u00e1n talleres de salsa, percusi\u00f3n y rumba, los cuales ser\u00e1n totalmente gratuitos, adem\u00e1s de presentaciones de libros y la participaci\u00f3n de las academias de danza de Xalapa.<\/p>\n\n\n\n<p>Por \u00faltimo los organizadores afirmaron que el evento es respaldado por la Secretar\u00eda de Turismo, el ayuntamiento de Xalapa, la Universidad Veracruzana y la Secretar\u00eda de Educaci\u00f3n de Veracruz.<\/p>\n","protected":false},"excerpt":{"rendered":"<p>Dar\u00edo Pale Xalapa, Ver.- Leonardo Ortiz, director del &#8220;Festival Como Suena la Clave&#8221; reiter\u00f3 la invitaci\u00f3n al p\u00fablico en general para asistir al evento que se realizar\u00e1 en el Barrio M\u00e1gico. En conferencia de prensa la cooperativa que organiza la novena edici\u00f3n del Festival, dio a conocer que las actividades se desarrollar\u00e1n los d\u00edas 13, [&hellip;]<\/p>\n","protected":false},"author":2476,"featured_media":46091,"comment_status":"open","ping_status":"open","sticky":false,"template":"","format":"standard","meta":{"_jetpack_memberships_contains_paid_content":false,"footnotes":""},"categories":[8],"tags":[],"class_list":["post-46090","post","type-post","status-publish","format-standard","has-post-thumbnail","hentry","category-region"],"jetpack_featured_media_url":"https:\/\/encuentroinformativo.com.mx\/wp-content\/uploads\/2023\/10\/IMG-20231005-WA0027.jpg","jetpack_sharing_enabled":true,"jetpack_likes_enabled":true,"amp_enabled":true,"_links":{"self":[{"href":"https:\/\/encuentroinformativo.com.mx\/index.php?rest_route=\/wp\/v2\/posts\/46090","targetHints":{"allow":["GET"]}}],"collection":[{"href":"https:\/\/encuentroinformativo.com.mx\/index.php?rest_route=\/wp\/v2\/posts"}],"about":[{"href":"https:\/\/encuentroinformativo.com.mx\/index.php?rest_route=\/wp\/v2\/types\/post"}],"author":[{"embeddable":true,"href":"https:\/\/encuentroinformativo.com.mx\/index.php?rest_route=\/wp\/v2\/users\/2476"}],"replies":[{"embeddable":true,"href":"https:\/\/encuentroinformativo.com.mx\/index.php?rest_route=%2Fwp%2Fv2%2Fcomments&post=46090"}],"version-history":[{"count":2,"href":"https:\/\/encuentroinformativo.com.mx\/index.php?rest_route=\/wp\/v2\/posts\/46090\/revisions"}],"predecessor-version":[{"id":46161,"href":"https:\/\/encuentroinformativo.com.mx\/index.php?rest_route=\/wp\/v2\/posts\/46090\/revisions\/46161"}],"wp:featuredmedia":[{"embeddable":true,"href":"https:\/\/encuentroinformativo.com.mx\/index.php?rest_route=\/wp\/v2\/media\/46091"}],"wp:attachment":[{"href":"https:\/\/encuentroinformativo.com.mx\/index.php?rest_route=%2Fwp%2Fv2%2Fmedia&parent=46090"}],"wp:term":[{"taxonomy":"category","embeddable":true,"href":"https:\/\/encuentroinformativo.com.mx\/index.php?rest_route=%2Fwp%2Fv2%2Fcategories&post=46090"},{"taxonomy":"post_tag","embeddable":true,"href":"https:\/\/encuentroinformativo.com.mx\/index.php?rest_route=%2Fwp%2Fv2%2Ftags&post=46090"}],"curies":[{"name":"wp","href":"https:\/\/api.w.org\/{rel}","templated":true}]}}