{"id":46093,"date":"2023-10-05T13:11:49","date_gmt":"2023-10-05T19:11:49","guid":{"rendered":"https:\/\/encuentroinformativo.com.mx\/?p=46093"},"modified":"2023-10-05T13:11:52","modified_gmt":"2023-10-05T19:11:52","slug":"consultas-estaran-listas-antes-de-proceso-electoral-ople","status":"publish","type":"post","link":"https:\/\/encuentroinformativo.com.mx\/?p=46093","title":{"rendered":"Consultas estar\u00e1n listas antes de proceso electoral: OPLE"},"content":{"rendered":"\n<p><strong>Dar\u00edo Pale <\/strong><\/p>\n\n\n\n<p>Xalapa, Ver.- La consejera presidente del Organismo P\u00fablico Local Electoral (OPLE), Marisol Delgadillo Morales dio a conocer que las consultas a pueblos ind\u00edgenas y afromexicanos estar\u00e1n antes del proceso electoral.<\/p>\n\n\n\n<p>En entrevista se\u00f1al\u00f3 que en lo que resta del a\u00f1o el OPLE deber\u00e1 organizar tres consultas, a las comunidades y pueblos ind\u00edgenas, a los pueblos afromexicanos y, a las personas con discapacidad.<\/p>\n\n\n\n<p>Aunque la intenci\u00f3n es que las fases consultivas se realicen antes del proceso electoral, adem\u00e1s puntualiz\u00f3 que la consulta a los pueblos ind\u00edgenas y afromexicanos ya se aprob\u00f3 por parte del Consejo General.<\/p>\n\n\n\n<p>En este momento est\u00e1n notificando a todas las representaciones de dichos sectores y a los ayuntamientos sobre las etapas de la consulta.<\/p>\n\n\n\n<p>Posteriormente, personal del OPLE entregar\u00e1 en todos los ayuntamientos la convocatoria y peg\u00e1ndolas en lugares visibles para que participe la poblaci\u00f3n.<\/p>\n\n\n\n<p>Puntualiz\u00f3 que la fase informativa ser\u00e1 los d\u00edas 28 y 29 de octubre, mientras que la fase consultiva ser\u00eda el 11 y 12 de noviembre.<\/p>\n\n\n\n<p>En el caso de la convocatoria de las personas con discapacidad, dijo que ya est\u00e1n trabajando el proyecto por parte de la comisi\u00f3n de G\u00e9nero, por lo que este jueves podr\u00eda presentarse al Consejo para su aprobaci\u00f3n.<\/p>\n\n\n\n<p>Indic\u00f3 que para dicha consulta tambi\u00e9n har\u00e1n presencia en todas las zonas de la Entidad.<\/p>\n\n\n\n<p>&#8220;Estaremos generando una consulta a las personas con discapacidad y oportunamente le daremos a conocer a la ciudadan\u00eda las sedes exactas para que las personas con discapacidad puedan acudir y atendiendo sus comentarios y observaciones&#8221;, asever\u00f3.<\/p>\n\n\n\n<p>Por \u00faltimo hay que recordar que las consultas buscan generar y aprobar acciones afirmativas en favor de personas integrantes de grupos vulnerables e hist\u00f3ricamente excluidos de la participaci\u00f3n pol\u00edtica.<\/p>\n","protected":false},"excerpt":{"rendered":"<p>Dar\u00edo Pale Xalapa, Ver.- La consejera presidente del Organismo P\u00fablico Local Electoral (OPLE), Marisol Delgadillo Morales dio a conocer que las consultas a pueblos ind\u00edgenas y afromexicanos estar\u00e1n antes del proceso electoral. En entrevista se\u00f1al\u00f3 que en lo que resta del a\u00f1o el OPLE deber\u00e1 organizar tres consultas, a las comunidades y pueblos ind\u00edgenas, a [&hellip;]<\/p>\n","protected":false},"author":2476,"featured_media":46094,"comment_status":"open","ping_status":"open","sticky":false,"template":"","format":"standard","meta":{"_jetpack_memberships_contains_paid_content":false,"footnotes":""},"categories":[2],"tags":[],"class_list":["post-46093","post","type-post","status-publish","format-standard","has-post-thumbnail","hentry","category-estado"],"jetpack_featured_media_url":"https:\/\/encuentroinformativo.com.mx\/wp-content\/uploads\/2023\/10\/IMG-20231005-WA00322.jpg","jetpack_sharing_enabled":true,"jetpack_likes_enabled":true,"amp_enabled":true,"_links":{"self":[{"href":"https:\/\/encuentroinformativo.com.mx\/index.php?rest_route=\/wp\/v2\/posts\/46093","targetHints":{"allow":["GET"]}}],"collection":[{"href":"https:\/\/encuentroinformativo.com.mx\/index.php?rest_route=\/wp\/v2\/posts"}],"about":[{"href":"https:\/\/encuentroinformativo.com.mx\/index.php?rest_route=\/wp\/v2\/types\/post"}],"author":[{"embeddable":true,"href":"https:\/\/encuentroinformativo.com.mx\/index.php?rest_route=\/wp\/v2\/users\/2476"}],"replies":[{"embeddable":true,"href":"https:\/\/encuentroinformativo.com.mx\/index.php?rest_route=%2Fwp%2Fv2%2Fcomments&post=46093"}],"version-history":[{"count":1,"href":"https:\/\/encuentroinformativo.com.mx\/index.php?rest_route=\/wp\/v2\/posts\/46093\/revisions"}],"predecessor-version":[{"id":46095,"href":"https:\/\/encuentroinformativo.com.mx\/index.php?rest_route=\/wp\/v2\/posts\/46093\/revisions\/46095"}],"wp:featuredmedia":[{"embeddable":true,"href":"https:\/\/encuentroinformativo.com.mx\/index.php?rest_route=\/wp\/v2\/media\/46094"}],"wp:attachment":[{"href":"https:\/\/encuentroinformativo.com.mx\/index.php?rest_route=%2Fwp%2Fv2%2Fmedia&parent=46093"}],"wp:term":[{"taxonomy":"category","embeddable":true,"href":"https:\/\/encuentroinformativo.com.mx\/index.php?rest_route=%2Fwp%2Fv2%2Fcategories&post=46093"},{"taxonomy":"post_tag","embeddable":true,"href":"https:\/\/encuentroinformativo.com.mx\/index.php?rest_route=%2Fwp%2Fv2%2Ftags&post=46093"}],"curies":[{"name":"wp","href":"https:\/\/api.w.org\/{rel}","templated":true}]}}