{"id":46099,"date":"2023-10-05T13:33:10","date_gmt":"2023-10-05T19:33:10","guid":{"rendered":"https:\/\/encuentroinformativo.com.mx\/?p=46099"},"modified":"2023-10-05T13:33:14","modified_gmt":"2023-10-05T19:33:14","slug":"boca-del-rio-en-alerta-ante-el-paso-del-frente-frio-4-y-sus-efectos-alcalde-jm-unanue","status":"publish","type":"post","link":"https:\/\/encuentroinformativo.com.mx\/?p=46099","title":{"rendered":"Boca del R\u00edo en alerta ante el paso del Frente Fr\u00edo 4 y sus efectos: Alcalde JM Un\u00e1nue"},"content":{"rendered":"\n<p>*<strong><em>Para este viernes y s\u00e1bado se mantiene el pron\u00f3stico de condiciones adversas con posibles vientos sostenidos de 45 a 60 km\/h y rachas que podr\u00edan ir de los 60 a 80 km\/h.<\/em><\/strong><\/p>\n\n\n\n<p>Boca del R\u00edo, Ver.- Ante la Alerta Gris emitida por la autoridad estatal, el Ayuntamiento de Boca del R\u00edo se encuentra atento al paso del Frente Fr\u00edo 4 y sus efectos, as\u00ed lo dio a conocer el Alcalde Juan Manuel Un\u00e1nue Abascal.<\/p>\n\n\n\n<p>\u201cComo cada que tenemos presencia de estos fen\u00f3menos meteorol\u00f3gicos, he instruido a las fuerzas de tarea municipales a estar alertas ante cualquier situaci\u00f3n que signifique alg\u00fan tipo de riesgo a la poblaci\u00f3n y ante las posibles lluvias que se puedan presentar, por eso el llamado a los boque\u00f1os es para que hagan un manejo responsable de la basura y no que no la dejen en la calle fuera del horario del cami\u00f3n recolector para que no sea arrastrada y generar inundaciones\u201d, expres\u00f3 el alcalde.<\/p>\n\n\n\n<p>De acuerdo al Sistema de Alerta Temprana de Veracruz, se mantiene el pron\u00f3stico de condiciones adversas el viernes 6 y s\u00e1bado 7 de octubre, por lo que en este periodo de tiempo, se esperan vientos sostenidos de 45 a 60 kil\u00f3metros por hora y rachas que podr\u00edan ir de los 60 a 80 kil\u00f3metros por hora.<\/p>\n\n\n\n<p>En la franja de costa se espera el incremento del oleaje en el mar de 1 a 2 metros. El fen\u00f3meno meteorol\u00f3gico podr\u00eda presentar lluvias con acumulados desde los 10 a 30 mil\u00edmetros en 24 horas e inclusive podr\u00edan llegar de los 70 a 150 mil\u00edmetros.<\/p>\n\n\n\n<p>Por su parte, Jorge Roberto Rojas Hern\u00e1ndez, Director de Protecci\u00f3n Civil Municipal, emiti\u00f3 una serie de recomendaciones a la ciudadan\u00eda ante las condiciones de viento y lluvia.<\/p>\n\n\n\n<p>\u201cSe recomienda a la poblaci\u00f3n, en el caso de los vientos, que verifiquen y refuercen el techo de la vivienda y otras estructuras que puedan ser arrastradas por el viento, y muy importante, que dichas acciones se realicen previo al evento de norte para no generar un riesgo\u201d, explic\u00f3 Rojas Hern\u00e1ndez.<\/p>\n\n\n\n<p>Asimismo hizo hincapi\u00e9 que no se coloquen sobre las l\u00e1minas blocks, tabiques o piedras que pudieran convertirse en proyectiles ante las rachas de viento.<\/p>\n\n\n\n<p>En el caso de los \u00e1rboles que se encuentren dentro de la propiedad, se les pide que hagan un desrame preventivo. Y si cuentan con mascotas ser\u00e1 necesario que sean resguardadas en un lugar seguro durante la presencia del viento del norte.<\/p>\n\n\n\n<p>Para los ciudadanos que hacen actividades de esparcimiento y deportivas en la playa, la recomendaci\u00f3n es alejarse de la zona ya que es donde se percibe con mayor fuerza el viento, adem\u00e1s es importante no introducirse al mar. Para quienes cuentan con una embarcaci\u00f3n, evitar salir a la navegaci\u00f3n hasta que la autoridad mar\u00edtima lo permita.<\/p>\n\n\n\n<p>En el caso de las construcciones tapar y asegurar los materiales como grava, arena y escombros a fin de que no salgan disparados, as\u00ed como no realizar trabajos en altura durante lo que dure el evento de norte.<\/p>\n\n\n\n<p>Por \u00faltimo, el Presidente Municipal, Juan Manuel Un\u00e1nue Abascal, reiter\u00f3 su compromiso con los boque\u00f1os y pone a su disposici\u00f3n en caso de contingencia el n\u00famero 911 y el perteneciente a la Direcci\u00f3n de Protecci\u00f3n Civil de Boca del R\u00edo 22 99 86 23 23.<\/p>\n","protected":false},"excerpt":{"rendered":"<p>*Para este viernes y s\u00e1bado se mantiene el pron\u00f3stico de condiciones adversas con posibles vientos sostenidos de 45 a 60 km\/h y rachas que podr\u00edan ir de los 60 a 80 km\/h. Boca del R\u00edo, Ver.- Ante la Alerta Gris emitida por la autoridad estatal, el Ayuntamiento de Boca del R\u00edo se encuentra atento al [&hellip;]<\/p>\n","protected":false},"author":2476,"featured_media":46100,"comment_status":"open","ping_status":"open","sticky":false,"template":"","format":"standard","meta":{"_jetpack_memberships_contains_paid_content":false,"footnotes":""},"categories":[2],"tags":[],"class_list":["post-46099","post","type-post","status-publish","format-standard","has-post-thumbnail","hentry","category-estado"],"jetpack_featured_media_url":"https:\/\/encuentroinformativo.com.mx\/wp-content\/uploads\/2023\/10\/IMG-20231005-WA00282.jpg","jetpack_sharing_enabled":true,"jetpack_likes_enabled":true,"amp_enabled":true,"_links":{"self":[{"href":"https:\/\/encuentroinformativo.com.mx\/index.php?rest_route=\/wp\/v2\/posts\/46099","targetHints":{"allow":["GET"]}}],"collection":[{"href":"https:\/\/encuentroinformativo.com.mx\/index.php?rest_route=\/wp\/v2\/posts"}],"about":[{"href":"https:\/\/encuentroinformativo.com.mx\/index.php?rest_route=\/wp\/v2\/types\/post"}],"author":[{"embeddable":true,"href":"https:\/\/encuentroinformativo.com.mx\/index.php?rest_route=\/wp\/v2\/users\/2476"}],"replies":[{"embeddable":true,"href":"https:\/\/encuentroinformativo.com.mx\/index.php?rest_route=%2Fwp%2Fv2%2Fcomments&post=46099"}],"version-history":[{"count":1,"href":"https:\/\/encuentroinformativo.com.mx\/index.php?rest_route=\/wp\/v2\/posts\/46099\/revisions"}],"predecessor-version":[{"id":46101,"href":"https:\/\/encuentroinformativo.com.mx\/index.php?rest_route=\/wp\/v2\/posts\/46099\/revisions\/46101"}],"wp:featuredmedia":[{"embeddable":true,"href":"https:\/\/encuentroinformativo.com.mx\/index.php?rest_route=\/wp\/v2\/media\/46100"}],"wp:attachment":[{"href":"https:\/\/encuentroinformativo.com.mx\/index.php?rest_route=%2Fwp%2Fv2%2Fmedia&parent=46099"}],"wp:term":[{"taxonomy":"category","embeddable":true,"href":"https:\/\/encuentroinformativo.com.mx\/index.php?rest_route=%2Fwp%2Fv2%2Fcategories&post=46099"},{"taxonomy":"post_tag","embeddable":true,"href":"https:\/\/encuentroinformativo.com.mx\/index.php?rest_route=%2Fwp%2Fv2%2Ftags&post=46099"}],"curies":[{"name":"wp","href":"https:\/\/api.w.org\/{rel}","templated":true}]}}