{"id":4610,"date":"2020-08-03T13:08:27","date_gmt":"2020-08-03T18:08:27","guid":{"rendered":"https:\/\/encuentroinformativo.com\/?p=4610"},"modified":"2020-08-03T13:08:30","modified_gmt":"2020-08-03T18:08:30","slug":"protestan-abogados-contra-magistrados-del-poder-judicial","status":"publish","type":"post","link":"https:\/\/encuentroinformativo.com.mx\/?p=4610","title":{"rendered":"Protestan abogados contra magistrados del Poder Judicial"},"content":{"rendered":"\n<p><strong>Juan Arcos <\/strong><\/p>\n\n\n\n<p>Xalapa, Ver.- Un grupo de abogados protest\u00f3 afuera del Palacio de Justicia del Estado de Veracruz para exigir la renuncia de la magistrada presidenta Sof\u00eda Mart\u00ednez Huerta.<\/p>\n\n\n\n<p>Los quejosos sostuvieron pancartas sobre la avenida L\u00e1zaro C\u00e1rdenas y leyeron un comunicado dirigido al gobernador Cuitl\u00e1huac Garc\u00eda Jim\u00e9nez y a la Presidenta del Tribunal Superior de Justicia del Estado.<\/p>\n\n\n\n<p>\u201cPor dignidad renuncie, Sof\u00eda Mart\u00ednez Huerta\u201d, se le\u00eda en algunas cartulinas.\u00a0<br>De acuerdo con Valentin Olmos Alfonso, presidente del Colegio de Abogados Juristas del estado de Veracruz, la controversia al interior del Poder Judicial ha sido por presunto nepotismo por parte de la Magistrada Presidenta.<\/p>\n\n\n\n<p>\u201cColocan a familiares dentro del Poder Judicial, cosa que est\u00e1 penada por el C\u00f3digo Penal\u201d, acus\u00f3 el entrevistado.<\/p>\n\n\n\n<p>Adem\u00e1s, solicit\u00f3 que se reanuden las actividades del Poder Judicial en su totalidad, mismas que han sido afectadas por la pandemia del SARS-COV-2 (COVID-19).<\/p>\n\n\n\n<p>A\u00f1adi\u00f3 que la mayor\u00eda de los casos, en materia penal, est\u00e1n detenidos por la suspensi\u00f3n de actividades al interior del tribunal.<\/p>\n\n\n\n<p>\u201cNo puede ser que nuestros representados est\u00e9n privados de su libertad cuando apelamos a una detenci\u00f3n legal en su momento, que en su momento dicte un juez o una vinculaci\u00f3n a proceso, cuando tenemos esas Armas para poder apelar se queda parado, no podemos exigir porque nos dicen que hasta que se reanuden las actividades\u201d, finaliz\u00f3.<\/p>\n\n\n\n<p><\/p>\n","protected":false},"excerpt":{"rendered":"<p>Juan Arcos Xalapa, Ver.- Un grupo de abogados protest\u00f3 afuera del Palacio de Justicia del Estado de Veracruz para exigir la renuncia de la magistrada presidenta Sof\u00eda Mart\u00ednez Huerta. Los quejosos sostuvieron pancartas sobre la avenida L\u00e1zaro C\u00e1rdenas y leyeron un comunicado dirigido al gobernador Cuitl\u00e1huac Garc\u00eda Jim\u00e9nez y a la Presidenta del Tribunal Superior [&hellip;]<\/p>\n","protected":false},"author":1,"featured_media":4611,"comment_status":"open","ping_status":"open","sticky":false,"template":"","format":"standard","meta":{"_jetpack_memberships_contains_paid_content":false,"footnotes":""},"categories":[3],"tags":[],"class_list":["post-4610","post","type-post","status-publish","format-standard","has-post-thumbnail","hentry","category-xalapa"],"jetpack_featured_media_url":"https:\/\/encuentroinformativo.com.mx\/wp-content\/uploads\/2020\/08\/3FC21C08-F0B3-4C8C-B039-FE001DD692BD.jpeg","jetpack_sharing_enabled":true,"jetpack_likes_enabled":true,"amp_enabled":true,"_links":{"self":[{"href":"https:\/\/encuentroinformativo.com.mx\/index.php?rest_route=\/wp\/v2\/posts\/4610","targetHints":{"allow":["GET"]}}],"collection":[{"href":"https:\/\/encuentroinformativo.com.mx\/index.php?rest_route=\/wp\/v2\/posts"}],"about":[{"href":"https:\/\/encuentroinformativo.com.mx\/index.php?rest_route=\/wp\/v2\/types\/post"}],"author":[{"embeddable":true,"href":"https:\/\/encuentroinformativo.com.mx\/index.php?rest_route=\/wp\/v2\/users\/1"}],"replies":[{"embeddable":true,"href":"https:\/\/encuentroinformativo.com.mx\/index.php?rest_route=%2Fwp%2Fv2%2Fcomments&post=4610"}],"version-history":[{"count":1,"href":"https:\/\/encuentroinformativo.com.mx\/index.php?rest_route=\/wp\/v2\/posts\/4610\/revisions"}],"predecessor-version":[{"id":4612,"href":"https:\/\/encuentroinformativo.com.mx\/index.php?rest_route=\/wp\/v2\/posts\/4610\/revisions\/4612"}],"wp:featuredmedia":[{"embeddable":true,"href":"https:\/\/encuentroinformativo.com.mx\/index.php?rest_route=\/wp\/v2\/media\/4611"}],"wp:attachment":[{"href":"https:\/\/encuentroinformativo.com.mx\/index.php?rest_route=%2Fwp%2Fv2%2Fmedia&parent=4610"}],"wp:term":[{"taxonomy":"category","embeddable":true,"href":"https:\/\/encuentroinformativo.com.mx\/index.php?rest_route=%2Fwp%2Fv2%2Fcategories&post=4610"},{"taxonomy":"post_tag","embeddable":true,"href":"https:\/\/encuentroinformativo.com.mx\/index.php?rest_route=%2Fwp%2Fv2%2Ftags&post=4610"}],"curies":[{"name":"wp","href":"https:\/\/api.w.org\/{rel}","templated":true}]}}