{"id":46105,"date":"2023-10-05T12:39:22","date_gmt":"2023-10-05T18:39:22","guid":{"rendered":"https:\/\/encuentroinformativo.com.mx\/?p=46105"},"modified":"2023-10-05T16:44:14","modified_gmt":"2023-10-05T22:44:14","slug":"aspirantes-por-frente-amplio-aceptan-ir-a-encuestas","status":"publish","type":"post","link":"https:\/\/encuentroinformativo.com.mx\/?p=46105","title":{"rendered":"Aspirantes por Frente Amplio aceptan ir a encuestas"},"content":{"rendered":"\n<p><strong>Alejandro \u00c1vila<\/strong><\/p>\n\n\n\n<p>Veracruz, Ver.- El Senador, Julen Rementer\u00eda del Puerto, y la diputada, Anil\u00fa Ingram Vallines, respaldaron la solicitud del Consejo C\u00edvico Ciudadano, quienes pidieron que el candidato opositor por el Frente Amplio a la gubernatura de Veracruz sea por encuesta; mientras que el diputado, Enrique Cambranis, y el presidente del PAN, Federico Salom\u00f3n, quieren que el blanquiazul vaya solo.<\/p>\n\n\n\n<p>\u201cHace unos minutos as\u00ed lo manifest\u00f3 el Consejo C\u00edvico Ciudadano, donde pide que la sociedad se sume y multiplique voluntades. La mejor forma de hacerlo es en una gran encuesta en la que participen los interesados. \u00a1Yo me apunto!, pero invito a H\u00e9ctor Yunes, Pepe Yunes, Fernando Yunes, Pati Lobeira de Yunes, Miguel Yunes y Anil\u00fa Ingram, a que respalden esta propuesta y se anoten en la encuesta, si es su inter\u00e9s participar. Pero tambi\u00e9n a ciudadanos que tengan esa intenci\u00f3n\u201d, expres\u00f3 el legislador en un video subido a sus redes sociales.<\/p>\n\n\n\n<p>\u201cVeracruz requiere que todos nos sumemos con generosidad y altura de miras para sacar al mal gobierno. Yo estoy puesto, acepto e invito a mis dem\u00e1s compa\u00f1eros que ya han manifestado a que acepten. La entidad requiere que todos nos sumemos con generosidad y altura de miras para sacar este mal gobierno. Necesitamos a los mejores para representar a los ciudadanos en pr\u00f3ximo proceso electoral en 2024\u201d, finaliz\u00f3.<\/p>\n\n\n\n<p>Minutos m\u00e1s tarde, la priista, Anil\u00fa Ingram respald\u00f3 la solicitud del Senador, a la cual tambi\u00e9n se sumaron los priistas y ex candidatos a la gubernatura, H\u00e9ctor y Pepe Yunes; sin embargo, el coordinador de la bancada panista en el Congreso de Veracruz, Enrique Cambranis Torres, asegur\u00f3 que ve complicada la alianza.<\/p>\n\n\n\n<p>&#8220;Estamos analizando si en Veracruz se pod\u00eda concretar la coalici\u00f3n, pero lo veo complicado&#8221;.<\/p>\n\n\n\n<p>Cabe mencionar que hace unas semanas, el presidente del PAN en Veracruz, Federico Salom\u00f3n, aseguro que lo ideal para encabezar el bloque opositor ser\u00eda una mujer, y solo mencion\u00f3 a tres referentes de su partido, dejando de lado los acuerdos previos que se tienen con el PRI y el PRD.<\/p>\n","protected":false},"excerpt":{"rendered":"<p>Alejandro \u00c1vila Veracruz, Ver.- El Senador, Julen Rementer\u00eda del Puerto, y la diputada, Anil\u00fa Ingram Vallines, respaldaron la solicitud del Consejo C\u00edvico Ciudadano, quienes pidieron que el candidato opositor por el Frente Amplio a la gubernatura de Veracruz sea por encuesta; mientras que el diputado, Enrique Cambranis, y el presidente del PAN, Federico Salom\u00f3n, quieren [&hellip;]<\/p>\n","protected":false},"author":2476,"featured_media":46106,"comment_status":"open","ping_status":"open","sticky":false,"template":"","format":"standard","meta":{"_jetpack_memberships_contains_paid_content":false,"footnotes":""},"categories":[2],"tags":[],"class_list":["post-46105","post","type-post","status-publish","format-standard","has-post-thumbnail","hentry","category-estado"],"jetpack_featured_media_url":"https:\/\/encuentroinformativo.com.mx\/wp-content\/uploads\/2023\/10\/IMG-20231005-WA00552.jpg","jetpack_sharing_enabled":true,"jetpack_likes_enabled":true,"amp_enabled":true,"_links":{"self":[{"href":"https:\/\/encuentroinformativo.com.mx\/index.php?rest_route=\/wp\/v2\/posts\/46105","targetHints":{"allow":["GET"]}}],"collection":[{"href":"https:\/\/encuentroinformativo.com.mx\/index.php?rest_route=\/wp\/v2\/posts"}],"about":[{"href":"https:\/\/encuentroinformativo.com.mx\/index.php?rest_route=\/wp\/v2\/types\/post"}],"author":[{"embeddable":true,"href":"https:\/\/encuentroinformativo.com.mx\/index.php?rest_route=\/wp\/v2\/users\/2476"}],"replies":[{"embeddable":true,"href":"https:\/\/encuentroinformativo.com.mx\/index.php?rest_route=%2Fwp%2Fv2%2Fcomments&post=46105"}],"version-history":[{"count":1,"href":"https:\/\/encuentroinformativo.com.mx\/index.php?rest_route=\/wp\/v2\/posts\/46105\/revisions"}],"predecessor-version":[{"id":46107,"href":"https:\/\/encuentroinformativo.com.mx\/index.php?rest_route=\/wp\/v2\/posts\/46105\/revisions\/46107"}],"wp:featuredmedia":[{"embeddable":true,"href":"https:\/\/encuentroinformativo.com.mx\/index.php?rest_route=\/wp\/v2\/media\/46106"}],"wp:attachment":[{"href":"https:\/\/encuentroinformativo.com.mx\/index.php?rest_route=%2Fwp%2Fv2%2Fmedia&parent=46105"}],"wp:term":[{"taxonomy":"category","embeddable":true,"href":"https:\/\/encuentroinformativo.com.mx\/index.php?rest_route=%2Fwp%2Fv2%2Fcategories&post=46105"},{"taxonomy":"post_tag","embeddable":true,"href":"https:\/\/encuentroinformativo.com.mx\/index.php?rest_route=%2Fwp%2Fv2%2Ftags&post=46105"}],"curies":[{"name":"wp","href":"https:\/\/api.w.org\/{rel}","templated":true}]}}