{"id":46108,"date":"2023-10-05T17:11:33","date_gmt":"2023-10-05T23:11:33","guid":{"rendered":"https:\/\/encuentroinformativo.com.mx\/?p=46108"},"modified":"2023-10-05T17:11:37","modified_gmt":"2023-10-05T23:11:37","slug":"proximo-10-de-noviembre-se-emitira-convocatoria-para-conformar-consejos-distritales","status":"publish","type":"post","link":"https:\/\/encuentroinformativo.com.mx\/?p=46108","title":{"rendered":"Pr\u00f3ximo 10 de noviembre, se emitir\u00e1 convocatoria para conformar consejos distritales"},"content":{"rendered":"\n<p><strong>Dar\u00edo Pale <\/strong><\/p>\n\n\n\n<p>Xalapa, Ver.- El consejero del Organismo P\u00fablico Local Electoral (OPLE), Roberto L\u00f3pez P\u00e9rez dio a conocer que, del 10 al 15 de noviembre podr\u00edan emitir la convocatoria para conformar consejos distritales, adem\u00e1s dijo que el Centro de Estudios de Opini\u00f3n y An\u00e1lisis de la Universidad Veracruzana (UV), har\u00e1 gu\u00eda y aplicar\u00e1 los ex\u00e1menes.<\/p>\n\n\n\n<p>En entrevista posterior a la sesi\u00f3n, adelant\u00f3 que el pr\u00f3ximo 10 de noviembre se podr\u00eda emitir la convocatoria para aquellos que se interesen en integrar los organos desconcentrados, ya que afirm\u00f3 que pr\u00e1cticamente ya est\u00e1 todo listo para la capacitaci\u00f3n electoral.<\/p>\n\n\n\n<p>&#8220;La previsi\u00f3n oportuna y formal de todas las actividades es un factor imprescindible del proceso electoral&#8221;, se\u00f1al\u00f3.<\/p>\n\n\n\n<p>Aclar\u00f3 que a m\u00e1s tardar el pr\u00f3ximo 15 de noviembre se deber\u00e1 emitir dicha convocatoria, pero la idea es que el d\u00eda 10 de noviembre, cuando se haga la instalaci\u00f3n del Consejo General se pueda difundir.<\/p>\n\n\n\n<p>Dio a conocer que faltan 36 d\u00edas naturales para que d\u00e9 inicio el proceso electoral en el Estado para renovar la gubernatura y las 50 diputaciones que constituyen el Congreso local.<\/p>\n\n\n\n<p>En ese orden de ideas, dijo que la capacitaci\u00f3n se ha dado de manera puntual en cada una de las actividades y record\u00f3 que existe una colaboraci\u00f3n con el Sistema Nacional de Elecciones.<\/p>\n\n\n\n<p>&#8220;Nosotros acabamos de aprobar la estrategia por la cual se va a capacitar, en su momento, a las 240 personas que van a integrar los 30 consejos distritales del OPLE en Veracruz y las 570 figuras de apoyo que van a hacer actividades de auxilio&#8221;, coment\u00f3.<\/p>\n\n\n\n<p>Defini\u00f3 que la convocatoria, por ley, deber\u00e1 salir en la segunda semana del mes de noviembre, es decir, falta pr\u00e1cticamente un mes.<\/p>\n\n\n\n<p>Resalt\u00f3 que tambi\u00e9n ya se aprob\u00f3 a la empresa que ser\u00e1 la encargada de elaborar el examen y la gu\u00eda, se trata del Centro de Estudios de Opini\u00f3n y An\u00e1lisis de la Universidad Veracruzana.<\/p>\n\n\n\n<p>Opin\u00f3 que de todas las ofertas que recibi\u00f3 el \u00f3rgano electoral, t\u00e9cnica y econ\u00f3mica, esa fue la mejor opci\u00f3n para la instituci\u00f3n.<\/p>\n\n\n\n<p>En ese sentido, detall\u00f3 que les ofrecieron las 27 sedes para los 30 distritos, las otras tres se acordar\u00e1n por medio de convenio.<\/p>\n\n\n\n<p>Adem\u00e1s, les ofrecen los resultados en 48 horas, secrec\u00eda en el manejo de la informaci\u00f3n garantizada en termin\u00f3 de su ley y reglamento.<\/p>\n\n\n\n<p>Asimismo, ofrecieron la oportunidad de traducir al Totonaco y al N\u00e1huatl la gu\u00eda y el examen.<\/p>\n\n\n\n<p>Finalmente el Consejero electoral a\u00f1adi\u00f3 que debido a que se ir\u00e1 incrementando el trabajo, gracias al convenio de colaboraci\u00f3n con la Benem\u00e9rita Escuela Normal Veracruzana &#8220;Enrique C. R\u00e9bsamen&#8221;, tendr\u00e1n su apoyo con personal para transmitir todo tipo de capacitaciones.<\/p>\n","protected":false},"excerpt":{"rendered":"<p>Dar\u00edo Pale Xalapa, Ver.- El consejero del Organismo P\u00fablico Local Electoral (OPLE), Roberto L\u00f3pez P\u00e9rez dio a conocer que, del 10 al 15 de noviembre podr\u00edan emitir la convocatoria para conformar consejos distritales, adem\u00e1s dijo que el Centro de Estudios de Opini\u00f3n y An\u00e1lisis de la Universidad Veracruzana (UV), har\u00e1 gu\u00eda y aplicar\u00e1 los ex\u00e1menes. [&hellip;]<\/p>\n","protected":false},"author":2476,"featured_media":46109,"comment_status":"open","ping_status":"open","sticky":false,"template":"","format":"standard","meta":{"_jetpack_memberships_contains_paid_content":false,"footnotes":""},"categories":[2],"tags":[],"class_list":["post-46108","post","type-post","status-publish","format-standard","has-post-thumbnail","hentry","category-estado"],"jetpack_featured_media_url":"https:\/\/encuentroinformativo.com.mx\/wp-content\/uploads\/2023\/10\/IMG-20231005-WA00742.jpg","jetpack_sharing_enabled":true,"jetpack_likes_enabled":true,"amp_enabled":true,"_links":{"self":[{"href":"https:\/\/encuentroinformativo.com.mx\/index.php?rest_route=\/wp\/v2\/posts\/46108","targetHints":{"allow":["GET"]}}],"collection":[{"href":"https:\/\/encuentroinformativo.com.mx\/index.php?rest_route=\/wp\/v2\/posts"}],"about":[{"href":"https:\/\/encuentroinformativo.com.mx\/index.php?rest_route=\/wp\/v2\/types\/post"}],"author":[{"embeddable":true,"href":"https:\/\/encuentroinformativo.com.mx\/index.php?rest_route=\/wp\/v2\/users\/2476"}],"replies":[{"embeddable":true,"href":"https:\/\/encuentroinformativo.com.mx\/index.php?rest_route=%2Fwp%2Fv2%2Fcomments&post=46108"}],"version-history":[{"count":1,"href":"https:\/\/encuentroinformativo.com.mx\/index.php?rest_route=\/wp\/v2\/posts\/46108\/revisions"}],"predecessor-version":[{"id":46110,"href":"https:\/\/encuentroinformativo.com.mx\/index.php?rest_route=\/wp\/v2\/posts\/46108\/revisions\/46110"}],"wp:featuredmedia":[{"embeddable":true,"href":"https:\/\/encuentroinformativo.com.mx\/index.php?rest_route=\/wp\/v2\/media\/46109"}],"wp:attachment":[{"href":"https:\/\/encuentroinformativo.com.mx\/index.php?rest_route=%2Fwp%2Fv2%2Fmedia&parent=46108"}],"wp:term":[{"taxonomy":"category","embeddable":true,"href":"https:\/\/encuentroinformativo.com.mx\/index.php?rest_route=%2Fwp%2Fv2%2Fcategories&post=46108"},{"taxonomy":"post_tag","embeddable":true,"href":"https:\/\/encuentroinformativo.com.mx\/index.php?rest_route=%2Fwp%2Fv2%2Ftags&post=46108"}],"curies":[{"name":"wp","href":"https:\/\/api.w.org\/{rel}","templated":true}]}}