{"id":46111,"date":"2023-10-05T20:00:32","date_gmt":"2023-10-06T02:00:32","guid":{"rendered":"https:\/\/encuentroinformativo.com.mx\/?p=46111"},"modified":"2023-10-05T20:00:35","modified_gmt":"2023-10-06T02:00:35","slug":"veracruz-pionero-en-recibir-taller-de-fundacion-televisa-cada-momento-cuenta","status":"publish","type":"post","link":"https:\/\/encuentroinformativo.com.mx\/?p=46111","title":{"rendered":"Veracruz, pionero en recibir Taller de Fundaci\u00f3n Televisa, \u201cCada momento cuenta\u201d"},"content":{"rendered":"\n<p>Xalapa, Ver.- La Secretar\u00eda de Seguridad P\u00fablica a trav\u00e9s de la Direcci\u00f3n General de Prevenci\u00f3n y Reinserci\u00f3n Social en coordinaci\u00f3n con Fundaci\u00f3n Televisa y el Grupo Pro Ni\u00f1ez impartieron el Taller de Formaci\u00f3n \u201cCada Momento Cuenta\u201d, dirigido al personal de Trabajo Social y Psicolog\u00eda que labora en los 17 Centros Penitenciarios y el M\u00f3dulo de Prisi\u00f3n Preventiva.<\/p>\n\n\n\n<p>Dicha capacitaci\u00f3n fue impartida por las ponentes Liliana Guzm\u00e1n Acevedo y Alex Acevedo Placeres, quienes abordaron los temas: El autocuidado de las cuidadoras como principio de la crianza, la importancia del juego en el desarrollo, las interacciones y el desarrollo del cerebro durante la primera infancia y c\u00f3mo fomentar el desarrollo de habilidades para la vida como: la organizaci\u00f3n, atenci\u00f3n, autocontrol, resoluci\u00f3n de problemas y asumir retos.<\/p>\n\n\n\n<p>El objetivo es que los participantes cuenten con las herramientas necesarias para replicar con las mujeres privadas de su libertad (PPL), en condici\u00f3n de embarazo o tengan hijos entre 0 a 3 a\u00f1os, estrategias efectivas de crianza que les permitan promover el desarrollo pleno e integral de sus hijas e hijos durante el tiempo compartido juntos, a trav\u00e9s del juego y las interacciones significativas, intencionadas y frecuentes a fin de fortalecer el v\u00ednculo materno infantil.<\/p>\n\n\n\n<p>Desde el Cuartel Heriberto Jara Corona de esta capital, la Directora General y co fundadora del grupo Pro Ni\u00f1ez, Alex Acevedo Placeres destac\u00f3 el taller es fundamental para la reinserci\u00f3n social y desarrollo de la ni\u00f1ez que viven con sus madres privadas de la libertad.<\/p>\n\n\n\n<p>Cabe resaltar que los centros penitenciarios a trav\u00e9s de las \u00e1reas de Trabajo Social y Psicolog\u00eda se actualizan en temas sobre crianza y desarrollo a trav\u00e9s de actividades l\u00fadicas, adem\u00e1s buscan sensibilizar a las mujeres en privativa, para que puedan establecer v\u00ednculos afectivos s\u00f3lidos con sus hijas e hijos y con ello favorecer la motricidad, el lenguaje, la cognici\u00f3n, as\u00ed como habilidades socioemocionales.<\/p>\n\n\n\n<p>Con estas acciones el Gobierno del Estado y la Fundaci\u00f3n Televisa y Grupo Pro Ni\u00f1ez, A.C. crean una alianza en ben\u00e9fico de las madres en privativa de libertad del sistema penitenciario estatal.<\/p>\n\n\n\n<figure class=\"wp-block-image size-large\"><img loading=\"lazy\" decoding=\"async\" width=\"993\" height=\"387\" src=\"https:\/\/encuentroinformativo.com.mx\/wp-content\/uploads\/2023\/10\/IMG-20231005-WA01132.jpg\" alt=\"\" class=\"wp-image-46114\" srcset=\"https:\/\/encuentroinformativo.com.mx\/wp-content\/uploads\/2023\/10\/IMG-20231005-WA01132.jpg 993w, https:\/\/encuentroinformativo.com.mx\/wp-content\/uploads\/2023\/10\/IMG-20231005-WA01132-300x117.jpg 300w, https:\/\/encuentroinformativo.com.mx\/wp-content\/uploads\/2023\/10\/IMG-20231005-WA01132-768x299.jpg 768w\" sizes=\"auto, (max-width: 993px) 100vw, 993px\" \/><\/figure>\n","protected":false},"excerpt":{"rendered":"<p>Xalapa, Ver.- La Secretar\u00eda de Seguridad P\u00fablica a trav\u00e9s de la Direcci\u00f3n General de Prevenci\u00f3n y Reinserci\u00f3n Social en coordinaci\u00f3n con Fundaci\u00f3n Televisa y el Grupo Pro Ni\u00f1ez impartieron el Taller de Formaci\u00f3n \u201cCada Momento Cuenta\u201d, dirigido al personal de Trabajo Social y Psicolog\u00eda que labora en los 17 Centros Penitenciarios y el M\u00f3dulo de [&hellip;]<\/p>\n","protected":false},"author":2476,"featured_media":46113,"comment_status":"open","ping_status":"open","sticky":false,"template":"","format":"standard","meta":{"_jetpack_memberships_contains_paid_content":false,"footnotes":""},"categories":[2],"tags":[],"class_list":["post-46111","post","type-post","status-publish","format-standard","has-post-thumbnail","hentry","category-estado"],"jetpack_featured_media_url":"https:\/\/encuentroinformativo.com.mx\/wp-content\/uploads\/2023\/10\/IMG-20231005-WA0112.jpg","jetpack_sharing_enabled":true,"jetpack_likes_enabled":true,"amp_enabled":true,"_links":{"self":[{"href":"https:\/\/encuentroinformativo.com.mx\/index.php?rest_route=\/wp\/v2\/posts\/46111","targetHints":{"allow":["GET"]}}],"collection":[{"href":"https:\/\/encuentroinformativo.com.mx\/index.php?rest_route=\/wp\/v2\/posts"}],"about":[{"href":"https:\/\/encuentroinformativo.com.mx\/index.php?rest_route=\/wp\/v2\/types\/post"}],"author":[{"embeddable":true,"href":"https:\/\/encuentroinformativo.com.mx\/index.php?rest_route=\/wp\/v2\/users\/2476"}],"replies":[{"embeddable":true,"href":"https:\/\/encuentroinformativo.com.mx\/index.php?rest_route=%2Fwp%2Fv2%2Fcomments&post=46111"}],"version-history":[{"count":1,"href":"https:\/\/encuentroinformativo.com.mx\/index.php?rest_route=\/wp\/v2\/posts\/46111\/revisions"}],"predecessor-version":[{"id":46115,"href":"https:\/\/encuentroinformativo.com.mx\/index.php?rest_route=\/wp\/v2\/posts\/46111\/revisions\/46115"}],"wp:featuredmedia":[{"embeddable":true,"href":"https:\/\/encuentroinformativo.com.mx\/index.php?rest_route=\/wp\/v2\/media\/46113"}],"wp:attachment":[{"href":"https:\/\/encuentroinformativo.com.mx\/index.php?rest_route=%2Fwp%2Fv2%2Fmedia&parent=46111"}],"wp:term":[{"taxonomy":"category","embeddable":true,"href":"https:\/\/encuentroinformativo.com.mx\/index.php?rest_route=%2Fwp%2Fv2%2Fcategories&post=46111"},{"taxonomy":"post_tag","embeddable":true,"href":"https:\/\/encuentroinformativo.com.mx\/index.php?rest_route=%2Fwp%2Fv2%2Ftags&post=46111"}],"curies":[{"name":"wp","href":"https:\/\/api.w.org\/{rel}","templated":true}]}}