{"id":46116,"date":"2023-10-05T20:57:38","date_gmt":"2023-10-06T02:57:38","guid":{"rendered":"https:\/\/encuentroinformativo.com.mx\/?p=46116"},"modified":"2023-10-05T20:57:43","modified_gmt":"2023-10-06T02:57:43","slug":"con-homenaje-a-cri-cri-arranca-festival-internacional-cuentos-y-flores","status":"publish","type":"post","link":"https:\/\/encuentroinformativo.com.mx\/?p=46116","title":{"rendered":"Con homenaje a Cri-Cri, arranca Festival Internacional Cuentos y Flores"},"content":{"rendered":"\n<p>Xalapa, Ver.- En el marco del D\u00e9cimo Festival Internacional Cuentos y Flores, esta tarde se inaugur\u00f3 la exposici\u00f3n fotogr\u00e1fica Homenaje a Francisco Gabilondo Soler, &#8220;Cri-Cri&#8221;, y se realiz\u00f3 un concierto a cargo de la Orquesta Pauta Nueva.<\/p>\n\n\n\n<p>Durante el acto protocolario, el presidente municipal Ricardo Ahued Bardahuil destac\u00f3 que se sigue impulsando y recordando la m\u00fasica del compositor orizabe\u00f1o, especialmente con esa esencia de inocencia y paz que caracteriz\u00f3 a las letras y melod\u00edas del &#8220;Grillito Cantor&#8221;.<\/p>\n\n\n\n<p>La exposici\u00f3n est\u00e1 conformada por 15 piezas de diversas colecciones que ilustran las distintas \u00e9pocas de Francisco Gabilondo Soler, quien este mes cumplir\u00eda 116 a\u00f1os.<\/p>\n\n\n\n<p>Durante el concierto se cont\u00f3 con la participaci\u00f3n del Coro Sublime Ilusi\u00f3n de la Estancia Garnica y del Ballet Folkl\u00f3rico de Veracruz de la Escuela Industrial Concepci\u00f3n Quiroz P\u00e9rez.<\/p>\n\n\n\n<p>Asistieron a esta inauguraci\u00f3n y concierto, las directoras de Cultura, Karla Montano Rocher y de Ingresos, Patricia Ortega Pardo; el director del Festival, Iv\u00e1n Zepeda; los nietos de Cri-Cri, \u00d3scar y Marina Gabilondo, y la sobrina del compositor, Nina Paz, as\u00ed como las narradoras y narradores que participan en este Festival.<\/p>\n","protected":false},"excerpt":{"rendered":"<p>Xalapa, Ver.- En el marco del D\u00e9cimo Festival Internacional Cuentos y Flores, esta tarde se inaugur\u00f3 la exposici\u00f3n fotogr\u00e1fica Homenaje a Francisco Gabilondo Soler, &#8220;Cri-Cri&#8221;, y se realiz\u00f3 un concierto a cargo de la Orquesta Pauta Nueva. Durante el acto protocolario, el presidente municipal Ricardo Ahued Bardahuil destac\u00f3 que se sigue impulsando y recordando la [&hellip;]<\/p>\n","protected":false},"author":2476,"featured_media":46112,"comment_status":"open","ping_status":"open","sticky":false,"template":"","format":"standard","meta":{"_jetpack_memberships_contains_paid_content":false,"footnotes":""},"categories":[3],"tags":[],"class_list":["post-46116","post","type-post","status-publish","format-standard","has-post-thumbnail","hentry","category-xalapa"],"jetpack_featured_media_url":"https:\/\/encuentroinformativo.com.mx\/wp-content\/uploads\/2023\/10\/IMG-20231005-WA01162.jpg","jetpack_sharing_enabled":true,"jetpack_likes_enabled":true,"amp_enabled":true,"_links":{"self":[{"href":"https:\/\/encuentroinformativo.com.mx\/index.php?rest_route=\/wp\/v2\/posts\/46116","targetHints":{"allow":["GET"]}}],"collection":[{"href":"https:\/\/encuentroinformativo.com.mx\/index.php?rest_route=\/wp\/v2\/posts"}],"about":[{"href":"https:\/\/encuentroinformativo.com.mx\/index.php?rest_route=\/wp\/v2\/types\/post"}],"author":[{"embeddable":true,"href":"https:\/\/encuentroinformativo.com.mx\/index.php?rest_route=\/wp\/v2\/users\/2476"}],"replies":[{"embeddable":true,"href":"https:\/\/encuentroinformativo.com.mx\/index.php?rest_route=%2Fwp%2Fv2%2Fcomments&post=46116"}],"version-history":[{"count":1,"href":"https:\/\/encuentroinformativo.com.mx\/index.php?rest_route=\/wp\/v2\/posts\/46116\/revisions"}],"predecessor-version":[{"id":46117,"href":"https:\/\/encuentroinformativo.com.mx\/index.php?rest_route=\/wp\/v2\/posts\/46116\/revisions\/46117"}],"wp:featuredmedia":[{"embeddable":true,"href":"https:\/\/encuentroinformativo.com.mx\/index.php?rest_route=\/wp\/v2\/media\/46112"}],"wp:attachment":[{"href":"https:\/\/encuentroinformativo.com.mx\/index.php?rest_route=%2Fwp%2Fv2%2Fmedia&parent=46116"}],"wp:term":[{"taxonomy":"category","embeddable":true,"href":"https:\/\/encuentroinformativo.com.mx\/index.php?rest_route=%2Fwp%2Fv2%2Fcategories&post=46116"},{"taxonomy":"post_tag","embeddable":true,"href":"https:\/\/encuentroinformativo.com.mx\/index.php?rest_route=%2Fwp%2Fv2%2Ftags&post=46116"}],"curies":[{"name":"wp","href":"https:\/\/api.w.org\/{rel}","templated":true}]}}