{"id":46126,"date":"2023-10-06T12:09:38","date_gmt":"2023-10-06T18:09:38","guid":{"rendered":"https:\/\/encuentroinformativo.com.mx\/?p=46126"},"modified":"2023-10-06T12:09:44","modified_gmt":"2023-10-06T18:09:44","slug":"proyecto-inocencia-firma-convenio-para-defensa-de-periodistas-de-veracruz","status":"publish","type":"post","link":"https:\/\/encuentroinformativo.com.mx\/?p=46126","title":{"rendered":"Proyecto Inocencia firma convenio para defensa de periodistas de Veracruz"},"content":{"rendered":"\n<p><strong>Alejandro \u00c1vila<\/strong><\/p>\n\n\n\n<p>Boca del R\u00edo, Ver.- El Colegio Nacional de Abogados Penalistas principal impulsor del Proyecto Inocencia, firm\u00f3 un convenio de colaboraci\u00f3n la ma\u00f1ana de este viernes con la Asociaci\u00f3n Mexicana de Comunicadores y Periodistas (AMECOPE) delegaci\u00f3n Veracruz, para defenderlos en caso de que sean vulnerado sus derechos humanos.<\/p>\n\n\n\n<p>Los litigantes, Jorge Reyes Leo, Jos\u00e9 Manuel del R\u00edo Virgen y Tom\u00e1s Mundo Arriasa, adem\u00e1s de la delegada, Patricia Aguilar Pardo, estamparon sus r\u00fabricas para concretar el convenio de colaboraci\u00f3n entre abogados y comunicadores.<\/p>\n\n\n\n<p>&#8220;La actividad del periodista en Veracruz, el trabajo del periodista en Veracruz es un trabajo de alto riesgo, o la c\u00e1rcel o la muerte. Tan solo recuerden que es el estado donde m\u00e1s matan periodistas, ni una ni otra para ustedes por ning\u00fan motivo, por ning\u00fan motivo los pueden usar de chivos expiatorios y mucho menos en la ret\u00f3rica de que pas\u00f3 esto pues ya los agarramos, o la l\u00ednea editorial que est\u00e1 siguiendo los periodistas es para defender a fulano, los que los protejan son las autoridades&#8221;, sentenci\u00f3 Jos\u00e9 Manuel de R\u00edo Virgen, presidente del Proyecto Inocencia.<\/p>\n\n\n\n<p>Los abogados resaltaron el trabajo que se har\u00e1 en las pr\u00f3ximas semanas con el Proyecto Inocencia; donde, adem\u00e1s de buscar rescatar a mujeres e ind\u00edgenas de sentencias mal ejecutadas, ahora sumar\u00e1n a los periodistas de la entidad veracruzana.<\/p>\n\n\n\n<p>&#8220;La gran preocupaci\u00f3n que tienen los comunicadores, es que han estado siendo, algunos, asediados por el poder de las autoridades, no necesariamente gubernamentales, y tienen que enfrentar una serie de procesos que luego no tienen quien los pueda representar, ayudar, defender&#8221;, expres\u00f3 del R\u00edo Virgen.<\/p>\n","protected":false},"excerpt":{"rendered":"<p>Alejandro \u00c1vila Boca del R\u00edo, Ver.- El Colegio Nacional de Abogados Penalistas principal impulsor del Proyecto Inocencia, firm\u00f3 un convenio de colaboraci\u00f3n la ma\u00f1ana de este viernes con la Asociaci\u00f3n Mexicana de Comunicadores y Periodistas (AMECOPE) delegaci\u00f3n Veracruz, para defenderlos en caso de que sean vulnerado sus derechos humanos. Los litigantes, Jorge Reyes Leo, Jos\u00e9 [&hellip;]<\/p>\n","protected":false},"author":2476,"featured_media":46127,"comment_status":"open","ping_status":"open","sticky":false,"template":"","format":"standard","meta":{"_jetpack_memberships_contains_paid_content":false,"footnotes":""},"categories":[2],"tags":[],"class_list":["post-46126","post","type-post","status-publish","format-standard","has-post-thumbnail","hentry","category-estado"],"jetpack_featured_media_url":"https:\/\/encuentroinformativo.com.mx\/wp-content\/uploads\/2023\/10\/IMG-20231006-WA00262.jpg","jetpack_sharing_enabled":true,"jetpack_likes_enabled":true,"amp_enabled":true,"_links":{"self":[{"href":"https:\/\/encuentroinformativo.com.mx\/index.php?rest_route=\/wp\/v2\/posts\/46126","targetHints":{"allow":["GET"]}}],"collection":[{"href":"https:\/\/encuentroinformativo.com.mx\/index.php?rest_route=\/wp\/v2\/posts"}],"about":[{"href":"https:\/\/encuentroinformativo.com.mx\/index.php?rest_route=\/wp\/v2\/types\/post"}],"author":[{"embeddable":true,"href":"https:\/\/encuentroinformativo.com.mx\/index.php?rest_route=\/wp\/v2\/users\/2476"}],"replies":[{"embeddable":true,"href":"https:\/\/encuentroinformativo.com.mx\/index.php?rest_route=%2Fwp%2Fv2%2Fcomments&post=46126"}],"version-history":[{"count":1,"href":"https:\/\/encuentroinformativo.com.mx\/index.php?rest_route=\/wp\/v2\/posts\/46126\/revisions"}],"predecessor-version":[{"id":46128,"href":"https:\/\/encuentroinformativo.com.mx\/index.php?rest_route=\/wp\/v2\/posts\/46126\/revisions\/46128"}],"wp:featuredmedia":[{"embeddable":true,"href":"https:\/\/encuentroinformativo.com.mx\/index.php?rest_route=\/wp\/v2\/media\/46127"}],"wp:attachment":[{"href":"https:\/\/encuentroinformativo.com.mx\/index.php?rest_route=%2Fwp%2Fv2%2Fmedia&parent=46126"}],"wp:term":[{"taxonomy":"category","embeddable":true,"href":"https:\/\/encuentroinformativo.com.mx\/index.php?rest_route=%2Fwp%2Fv2%2Fcategories&post=46126"},{"taxonomy":"post_tag","embeddable":true,"href":"https:\/\/encuentroinformativo.com.mx\/index.php?rest_route=%2Fwp%2Fv2%2Ftags&post=46126"}],"curies":[{"name":"wp","href":"https:\/\/api.w.org\/{rel}","templated":true}]}}