{"id":46129,"date":"2023-10-06T13:24:30","date_gmt":"2023-10-06T19:24:30","guid":{"rendered":"https:\/\/encuentroinformativo.com.mx\/?p=46129"},"modified":"2023-10-06T13:24:34","modified_gmt":"2023-10-06T19:24:34","slug":"concluyo-remodelacion-de-la-fortaleza-de-san-carlos-gobernador","status":"publish","type":"post","link":"https:\/\/encuentroinformativo.com.mx\/?p=46129","title":{"rendered":"Concluy\u00f3 remodelaci\u00f3n de la Fortaleza de San Carlos: Gobernador"},"content":{"rendered":"\n<p><strong>Dar\u00edo Pale <\/strong><\/p>\n\n\n\n<p>Xalapa, Ver.- El gobernador Cuitl\u00e1huac Garc\u00eda Jim\u00e9nez dio a conocer que concluy\u00f3 la remodelaci\u00f3n de la Fortaleza de San Carlos, en total se invirtieron 60 millones de pesos, podr\u00eda reinaugurarlo el Presidente de M\u00e9xico.<\/p>\n\n\n\n<p>En entrevista se\u00f1al\u00f3 que, ya fue concluida la remodelaci\u00f3n de la Fortaleza de San Carlos, para ser reinaugurada el pr\u00f3ximo 11 de octubre, con motivo de los 200 a\u00f1os de creaci\u00f3n del Heroico Colegio Militar.\u00a0<\/p>\n\n\n\n<p>Durante un recorrido que realiz\u00f3 este d\u00eda, coment\u00f3 que el presidente Andr\u00e9s Manuel L\u00f3pez Obrador podr\u00eda asistir al evento del hist\u00f3rico inmueble.<\/p>\n\n\n\n<p>&#8220;Esperamos (que lo reinaugure), por lo menos van a estar los altos mandos de la Sedena, el secretario de la Defensa Nacional y esperamos la visita del Presidente, pero \u00e9l lo decide en su momento&#8221;, se\u00f1al\u00f3.<\/p>\n\n\n\n<p>Aclar\u00f3 que esta es la primera etapa de la remodelaci\u00f3n, habr\u00e1 otras, pero destac\u00f3 que nunca se hab\u00eda hecho lo que se hizo en el sitio, por lo que a partir de ahora ser\u00e1 un referente hist\u00f3rico, cultural y tur\u00edstico, que potencializar\u00e1 econ\u00f3micamente al municipio.<\/p>\n\n\n\n<p>Detall\u00f3 que la inversi\u00f3n final fue de 60 millones de pesos, ya que agregaron las mejoras para una b\u00f3veda.<\/p>\n\n\n\n<p>Abund\u00f3 que con la remodelaci\u00f3n ser\u00e1 un museo hist\u00f3rico sobre la historia de Veracruz y que tiene relaci\u00f3n con la Fortaleza, adem\u00e1s habr\u00e1 \u00e1reas para hacer foros, conferencias, exposiciones de la Sedena, entre otros.<\/p>\n\n\n\n<p>Enfatiz\u00f3 que todav\u00eda no se define a cargo de qui\u00e9n quedar\u00e1 el inmueble, pero se pondr\u00e1 a disposici\u00f3n de los tres \u00f3rdenes de Gobierno, pero ver\u00e1n la manera de c\u00f3mo administrarlo.<\/p>\n\n\n\n<p>La idea es que siempre est\u00e9 abierto al p\u00fablico, que haya eventos de d\u00eda y de noche, ya que habr\u00e1 alumbrado externo.<\/p>\n\n\n\n<p>Acompa\u00f1ado del alcalde, Delfino Ortega Mart\u00ednez, coment\u00f3 que el Instituto Nacional de Antropolog\u00eda e Historia (INAH), les pidi\u00f3 preservar algunas \u00e1reas, por lo que habr\u00e1 algunas restricciones en algunas partes.<\/p>\n\n\n\n<p>Por otra parte, anunci\u00f3 que se podr\u00eda llevar a cabo alguna producci\u00f3n cinematogr\u00e1fica en el lugar.<\/p>\n\n\n\n<p>Finalmente esquiv\u00f3 responder si ya hay algunos planes al respecto, pero no descart\u00f3 que se puedan llevar a cabo.<\/p>\n","protected":false},"excerpt":{"rendered":"<p>Dar\u00edo Pale Xalapa, Ver.- El gobernador Cuitl\u00e1huac Garc\u00eda Jim\u00e9nez dio a conocer que concluy\u00f3 la remodelaci\u00f3n de la Fortaleza de San Carlos, en total se invirtieron 60 millones de pesos, podr\u00eda reinaugurarlo el Presidente de M\u00e9xico. En entrevista se\u00f1al\u00f3 que, ya fue concluida la remodelaci\u00f3n de la Fortaleza de San Carlos, para ser reinaugurada el [&hellip;]<\/p>\n","protected":false},"author":2476,"featured_media":46130,"comment_status":"open","ping_status":"open","sticky":false,"template":"","format":"standard","meta":{"_jetpack_memberships_contains_paid_content":false,"footnotes":""},"categories":[8],"tags":[],"class_list":["post-46129","post","type-post","status-publish","format-standard","has-post-thumbnail","hentry","category-region"],"jetpack_featured_media_url":"https:\/\/encuentroinformativo.com.mx\/wp-content\/uploads\/2023\/10\/IMG-20231006-WA0038.jpg","jetpack_sharing_enabled":true,"jetpack_likes_enabled":true,"amp_enabled":true,"_links":{"self":[{"href":"https:\/\/encuentroinformativo.com.mx\/index.php?rest_route=\/wp\/v2\/posts\/46129","targetHints":{"allow":["GET"]}}],"collection":[{"href":"https:\/\/encuentroinformativo.com.mx\/index.php?rest_route=\/wp\/v2\/posts"}],"about":[{"href":"https:\/\/encuentroinformativo.com.mx\/index.php?rest_route=\/wp\/v2\/types\/post"}],"author":[{"embeddable":true,"href":"https:\/\/encuentroinformativo.com.mx\/index.php?rest_route=\/wp\/v2\/users\/2476"}],"replies":[{"embeddable":true,"href":"https:\/\/encuentroinformativo.com.mx\/index.php?rest_route=%2Fwp%2Fv2%2Fcomments&post=46129"}],"version-history":[{"count":1,"href":"https:\/\/encuentroinformativo.com.mx\/index.php?rest_route=\/wp\/v2\/posts\/46129\/revisions"}],"predecessor-version":[{"id":46131,"href":"https:\/\/encuentroinformativo.com.mx\/index.php?rest_route=\/wp\/v2\/posts\/46129\/revisions\/46131"}],"wp:featuredmedia":[{"embeddable":true,"href":"https:\/\/encuentroinformativo.com.mx\/index.php?rest_route=\/wp\/v2\/media\/46130"}],"wp:attachment":[{"href":"https:\/\/encuentroinformativo.com.mx\/index.php?rest_route=%2Fwp%2Fv2%2Fmedia&parent=46129"}],"wp:term":[{"taxonomy":"category","embeddable":true,"href":"https:\/\/encuentroinformativo.com.mx\/index.php?rest_route=%2Fwp%2Fv2%2Fcategories&post=46129"},{"taxonomy":"post_tag","embeddable":true,"href":"https:\/\/encuentroinformativo.com.mx\/index.php?rest_route=%2Fwp%2Fv2%2Ftags&post=46129"}],"curies":[{"name":"wp","href":"https:\/\/api.w.org\/{rel}","templated":true}]}}