{"id":46157,"date":"2023-10-07T11:55:00","date_gmt":"2023-10-07T17:55:00","guid":{"rendered":"https:\/\/encuentroinformativo.com.mx\/?p=46157"},"modified":"2023-10-06T21:40:41","modified_gmt":"2023-10-07T03:40:41","slug":"creencia-en-milagros-de-san-rafael-sigue-en-aumento-senalo-el-padre-juan-beristain","status":"publish","type":"post","link":"https:\/\/encuentroinformativo.com.mx\/?p=46157","title":{"rendered":"Creencia en milagros de San Rafael sigue en aumento, se\u00f1al\u00f3 el padre Juan Beristain"},"content":{"rendered":"\n<p><strong>Dar\u00edo Pale <\/strong><\/p>\n\n\n\n<p>Xalapa, Ver.- El vocero de la Arquidi\u00f3cesis de Xalapa, Juan Beristain de los Santos, dio a conocer que la fe por los milagros de San Rafael Gu\u00edzar y Valencia prevalece en las nuevas generaciones.<\/p>\n\n\n\n<p>En entrevista coment\u00f3 que, San Rafael Gu\u00edzar y Valencia fue un hombre extraordinario, sus milagros trascienden y la feligres\u00eda los reconoce, es por ello que han iniciado las actividades con motivo de las fiestas que la iglesia cat\u00f3lica realiza en su honor el 24 de octubre.<\/p>\n\n\n\n<p>Y es que, record\u00f3, es el primer obispo mexicano e hispanoamericano canonizado, por lo que ahora, las reliquias de su coraz\u00f3n est\u00e1n en peregrinaci\u00f3n por las distintas Di\u00f3cesis del estado; durante estos d\u00edas, el llamado \u201cobispo de los pobres\u201d ha sido venerado en la zona sur. \u00a0<\/p>\n\n\n\n<p>Al respecto, Beristain de los Santos, coment\u00f3 que en muchos casos la falta de recursos econ\u00f3micos de la grey no permite documentar los milagros, sin embargo, enfatiz\u00f3, la fe supera estos procesos. \u00a0<\/p>\n\n\n\n<p>Record\u00f3 que la intervenci\u00f3n divina de San Rafael se atribuye a la curaci\u00f3n de labio leporino y paladar hendido desde el vientre de una mujer con siete meses de gestaci\u00f3n; esto ocurri\u00f3 en el a\u00f1o 2002. \u00a0<\/p>\n\n\n\n<p>El ni\u00f1o milagro fue llamado Rafael de Jes\u00fas Barroso; naci\u00f3 sano y sin ninguna complicaci\u00f3n.\u00a0<\/p>\n\n\n\n<p>En ese sentido, el sacerdote de la parroquia San Antonio de Padua, enfatiz\u00f3 que, la creencia por el santo sigue aumentando y esto se observa en la abundante afluencia a su sepultura en cualquier \u00e9poca del a\u00f1o. \u00a0<\/p>\n\n\n\n<p>\u201cEsta es una celebraci\u00f3n que se necesita preparar con mucho tiempo, se requiere coordinar agendas del obispo, de los sacerdotes, y ya est\u00e1 todo preparado; el padre Roberto Reyes quien es el p\u00e1rroco de la Catedral tiene todo listo, se invita a colegios, a las comunidades aleda\u00f1as que reconocen en Rafael Gu\u00edzar y Valencia a un hombre excepcional porque siempre busc\u00f3 el bien de los dem\u00e1s\u201d, coment\u00f3.<\/p>\n\n\n\n<p>Es por ello que el amor que se le tiene entre la feligres\u00eda cat\u00f3lica se ha heredado a las nuevas generaciones. \u00a0<\/p>\n\n\n\n<p>&#8220;Siempre predicando el evangelio, siempre curando, siempre haciendo el bien y animando a la gente m\u00e1s necesitada (\u2026), as\u00ed que la gente espera mucho esta fecha para volcar su fervor hacia \u00e9l&#8221;, se\u00f1al\u00f3.<\/p>\n\n\n\n<p>El domingo 15 de octubre de 2006 en la Ciudad del Vaticano, Gu\u00edzar y Valencia, \u00a0fue canonizado por el papa Benedicto XVI. \u00a0<\/p>\n\n\n\n<p>Por \u00faltimo coment\u00f3 que as\u00ed, quien fuera el quinto obispo Veracruz se convirti\u00f3 en uno de los 30 santos de M\u00e9xico, el pa\u00eds hispanohablante con m\u00e1s cat\u00f3licos en Latinoam\u00e9rica y que cuenta con 25 beatos.<\/p>\n\n\n\n<figure class=\"wp-block-image size-large\"><img loading=\"lazy\" decoding=\"async\" width=\"589\" height=\"520\" src=\"https:\/\/encuentroinformativo.com.mx\/wp-content\/uploads\/2023\/10\/IMG-20231006-WA00472.jpg\" alt=\"\" class=\"wp-image-46159\" srcset=\"https:\/\/encuentroinformativo.com.mx\/wp-content\/uploads\/2023\/10\/IMG-20231006-WA00472.jpg 589w, https:\/\/encuentroinformativo.com.mx\/wp-content\/uploads\/2023\/10\/IMG-20231006-WA00472-300x265.jpg 300w\" sizes=\"auto, (max-width: 589px) 100vw, 589px\" \/><\/figure>\n","protected":false},"excerpt":{"rendered":"<p>Dar\u00edo Pale Xalapa, Ver.- El vocero de la Arquidi\u00f3cesis de Xalapa, Juan Beristain de los Santos, dio a conocer que la fe por los milagros de San Rafael Gu\u00edzar y Valencia prevalece en las nuevas generaciones. En entrevista coment\u00f3 que, San Rafael Gu\u00edzar y Valencia fue un hombre extraordinario, sus milagros trascienden y la feligres\u00eda [&hellip;]<\/p>\n","protected":false},"author":2476,"featured_media":46158,"comment_status":"open","ping_status":"open","sticky":false,"template":"","format":"standard","meta":{"_jetpack_memberships_contains_paid_content":false,"footnotes":""},"categories":[3],"tags":[],"class_list":["post-46157","post","type-post","status-publish","format-standard","has-post-thumbnail","hentry","category-xalapa"],"jetpack_featured_media_url":"https:\/\/encuentroinformativo.com.mx\/wp-content\/uploads\/2023\/10\/IMG-20231006-WA00482.jpg","jetpack_sharing_enabled":true,"jetpack_likes_enabled":true,"amp_enabled":true,"_links":{"self":[{"href":"https:\/\/encuentroinformativo.com.mx\/index.php?rest_route=\/wp\/v2\/posts\/46157","targetHints":{"allow":["GET"]}}],"collection":[{"href":"https:\/\/encuentroinformativo.com.mx\/index.php?rest_route=\/wp\/v2\/posts"}],"about":[{"href":"https:\/\/encuentroinformativo.com.mx\/index.php?rest_route=\/wp\/v2\/types\/post"}],"author":[{"embeddable":true,"href":"https:\/\/encuentroinformativo.com.mx\/index.php?rest_route=\/wp\/v2\/users\/2476"}],"replies":[{"embeddable":true,"href":"https:\/\/encuentroinformativo.com.mx\/index.php?rest_route=%2Fwp%2Fv2%2Fcomments&post=46157"}],"version-history":[{"count":1,"href":"https:\/\/encuentroinformativo.com.mx\/index.php?rest_route=\/wp\/v2\/posts\/46157\/revisions"}],"predecessor-version":[{"id":46160,"href":"https:\/\/encuentroinformativo.com.mx\/index.php?rest_route=\/wp\/v2\/posts\/46157\/revisions\/46160"}],"wp:featuredmedia":[{"embeddable":true,"href":"https:\/\/encuentroinformativo.com.mx\/index.php?rest_route=\/wp\/v2\/media\/46158"}],"wp:attachment":[{"href":"https:\/\/encuentroinformativo.com.mx\/index.php?rest_route=%2Fwp%2Fv2%2Fmedia&parent=46157"}],"wp:term":[{"taxonomy":"category","embeddable":true,"href":"https:\/\/encuentroinformativo.com.mx\/index.php?rest_route=%2Fwp%2Fv2%2Fcategories&post=46157"},{"taxonomy":"post_tag","embeddable":true,"href":"https:\/\/encuentroinformativo.com.mx\/index.php?rest_route=%2Fwp%2Fv2%2Ftags&post=46157"}],"curies":[{"name":"wp","href":"https:\/\/api.w.org\/{rel}","templated":true}]}}