{"id":46162,"date":"2023-10-07T11:59:26","date_gmt":"2023-10-07T17:59:26","guid":{"rendered":"https:\/\/encuentroinformativo.com.mx\/?p=46162"},"modified":"2023-10-07T11:59:30","modified_gmt":"2023-10-07T17:59:30","slug":"firman-convenio-de-colaboracion-ayuntamiento-de-boca-del-rio-y-la-escuela-de-derecho-de-veracruz","status":"publish","type":"post","link":"https:\/\/encuentroinformativo.com.mx\/?p=46162","title":{"rendered":"Firman convenio de colaboraci\u00f3n, Ayuntamiento de Boca del R\u00edo y la Escuela de Derecho de Veracruz"},"content":{"rendered":"\n<p><strong>*<em>Con el objetivo de crear un marco de colaboraci\u00f3n acad\u00e9mica, cient\u00edfica y tecnol\u00f3gica, para realizar actividades que permitan conseguir el desarrollo en la formaci\u00f3n y especializaci\u00f3n de los alumnos<\/em>.<\/strong><\/p>\n\n\n\n<p>Boca del R\u00edo, Ver.- El Ayuntamiento de Boca del R\u00edo que encabeza el Alcalde Juan Manuel Un\u00e1nue Abascal, firm\u00f3 un convenio de colaboraci\u00f3n con la Escuela de Derecho de Veracruz (EDV), buscando de esta manera fortalecer la vinculaci\u00f3n dentro de la administraci\u00f3n municipal a trav\u00e9s de la formaci\u00f3n y especializaci\u00f3n acad\u00e9mica.<\/p>\n\n\n\n<p>El objetivo del presente convenio es crear un marco de colaboraci\u00f3n acad\u00e9mica, cient\u00edfica y tecnol\u00f3gica, para realizar conjuntamente actividades que permitan conseguir el desarrollo en la formaci\u00f3n y especializaci\u00f3n de los alumnos.<\/p>\n\n\n\n<p>\u201cAgradezco a los integrantes del Consejo Directivo de la Escuela su disposici\u00f3n para impulsar estas actividades en plena coordinaci\u00f3n con el gobierno municipal de Boca del R\u00edo\u201d, enfatiz\u00f3 el edil.<\/p>\n\n\n\n<p>A trav\u00e9s de este convenio se impulsar\u00e1n tambi\u00e9n actividades como investigaciones conjuntas, desarrollo tecnol\u00f3gico y acad\u00e9mico para los participantes.<\/p>\n\n\n\n<p>Cabe destacar que la Escuela de Derecho de Veracruz forma profesionales e investigadores aptos para la aplicaci\u00f3n y generaci\u00f3n de conocimientos que contribuyan al desarrollo nacional y regional.<\/p>\n\n\n\n<p>Por \u00faltimo, Juan Manuel Un\u00e1nue Abascal, Presidente Municipal de Boca del R\u00edo, refrend\u00f3 el compromiso de actual administraci\u00f3n para permanecer vinculada con distintos sectores de la sociedad veracruzana.<\/p>\n\n\n\n<p>Para la forma del documento estuvieron presentes Arturo Herrera Cantillo; director del plantel, Genaro Isidro L\u00f3pez Castillo; presidente del Consejo Directivo de la Escuela de Derecho de Veracruz, Susana Tiburcio Galicia; S\u00edndica \u00danica del Ayuntamiento boque\u00f1o y Jos\u00e9 Salvatori Bronca; director de Desarrollo Econ\u00f3mico Municipal.<\/p>\n","protected":false},"excerpt":{"rendered":"<p>*Con el objetivo de crear un marco de colaboraci\u00f3n acad\u00e9mica, cient\u00edfica y tecnol\u00f3gica, para realizar actividades que permitan conseguir el desarrollo en la formaci\u00f3n y especializaci\u00f3n de los alumnos. Boca del R\u00edo, Ver.- El Ayuntamiento de Boca del R\u00edo que encabeza el Alcalde Juan Manuel Un\u00e1nue Abascal, firm\u00f3 un convenio de colaboraci\u00f3n con la Escuela [&hellip;]<\/p>\n","protected":false},"author":2476,"featured_media":46163,"comment_status":"open","ping_status":"open","sticky":false,"template":"","format":"standard","meta":{"_jetpack_memberships_contains_paid_content":false,"footnotes":""},"categories":[2],"tags":[],"class_list":["post-46162","post","type-post","status-publish","format-standard","has-post-thumbnail","hentry","category-estado"],"jetpack_featured_media_url":"https:\/\/encuentroinformativo.com.mx\/wp-content\/uploads\/2023\/10\/IMG-20231006-WA00823.jpg","jetpack_sharing_enabled":true,"jetpack_likes_enabled":true,"amp_enabled":true,"_links":{"self":[{"href":"https:\/\/encuentroinformativo.com.mx\/index.php?rest_route=\/wp\/v2\/posts\/46162","targetHints":{"allow":["GET"]}}],"collection":[{"href":"https:\/\/encuentroinformativo.com.mx\/index.php?rest_route=\/wp\/v2\/posts"}],"about":[{"href":"https:\/\/encuentroinformativo.com.mx\/index.php?rest_route=\/wp\/v2\/types\/post"}],"author":[{"embeddable":true,"href":"https:\/\/encuentroinformativo.com.mx\/index.php?rest_route=\/wp\/v2\/users\/2476"}],"replies":[{"embeddable":true,"href":"https:\/\/encuentroinformativo.com.mx\/index.php?rest_route=%2Fwp%2Fv2%2Fcomments&post=46162"}],"version-history":[{"count":1,"href":"https:\/\/encuentroinformativo.com.mx\/index.php?rest_route=\/wp\/v2\/posts\/46162\/revisions"}],"predecessor-version":[{"id":46164,"href":"https:\/\/encuentroinformativo.com.mx\/index.php?rest_route=\/wp\/v2\/posts\/46162\/revisions\/46164"}],"wp:featuredmedia":[{"embeddable":true,"href":"https:\/\/encuentroinformativo.com.mx\/index.php?rest_route=\/wp\/v2\/media\/46163"}],"wp:attachment":[{"href":"https:\/\/encuentroinformativo.com.mx\/index.php?rest_route=%2Fwp%2Fv2%2Fmedia&parent=46162"}],"wp:term":[{"taxonomy":"category","embeddable":true,"href":"https:\/\/encuentroinformativo.com.mx\/index.php?rest_route=%2Fwp%2Fv2%2Fcategories&post=46162"},{"taxonomy":"post_tag","embeddable":true,"href":"https:\/\/encuentroinformativo.com.mx\/index.php?rest_route=%2Fwp%2Fv2%2Ftags&post=46162"}],"curies":[{"name":"wp","href":"https:\/\/api.w.org\/{rel}","templated":true}]}}