{"id":4617,"date":"2020-08-03T13:51:33","date_gmt":"2020-08-03T18:51:33","guid":{"rendered":"https:\/\/encuentroinformativo.com\/?p=4617"},"modified":"2020-08-03T13:51:35","modified_gmt":"2020-08-03T18:51:35","slug":"vecinos-alertan-sobre-presunto-brote-de-covid-en-mercado-galeana","status":"publish","type":"post","link":"https:\/\/encuentroinformativo.com.mx\/?p=4617","title":{"rendered":"Vecinos alertan sobre presunto brote de Covid en Mercado Galeana"},"content":{"rendered":"\n<p><strong>Juan Arcos <\/strong><\/p>\n\n\n\n<p>Xalapa, Ver.- Vecinos de la zona centro de Xalapa alertaron a la poblaci\u00f3n en redes sociales sobre un presunto brote de SARS-COV-2 (COVID-19) en el mercado Galeana, ubicado sobre la calle Poeta Jes\u00fas D\u00edaz.<\/p>\n\n\n\n<p>Catalina Ruiz Cort\u00e9s se\u00f1al\u00f3 que su padre falleci\u00f3 hace 15 d\u00edas de coronavirus y contrajo el virus en dicho recinto comercial.<\/p>\n\n\n\n<p>\u201cEl pap\u00e1 de la compa\u00f1era de mi hija falleci\u00f3 hace cinco d\u00edas y nadie dice nada, que se a infectado, nadie menciona nada\u201d.<\/p>\n\n\n\n<p>En un video, la se\u00f1ora mencion\u00f3 que no han sido aplicadas medidas sanitarias al interior del mercado.<\/p>\n\n\n\n<p>En ese sentido, la madre de familia pidi\u00f3 a las autoridades sanitarias que realicen un operativo en el lugar para evitar que la gente contin\u00fae contagi\u00e1ndose.<\/p>\n\n\n\n<p>\u201cPor favor, autoridades, qu\u00e9 est\u00e1n haciendo, les pido como madre y ciudadana, qu\u00e9 hacemos, me preocupo porque he perdido a mi padre y es lo que m\u00e1s me doli\u00f3\u201d.<\/p>\n\n\n\n<p>En ese sentido, Ruiz Cort\u00e9s insisti\u00f3 a los xalape\u00f1os que no entren al mercado Galeana hasta que se garantice que no representa un foco de infecci\u00f3n.<\/p>\n\n\n\n<p>\u201cNo entren al mercado Galeana, por favor, no hay nada de salud, no hay nada que proteja a la gente de all\u00ed adentro, no entren\u201d, agreg\u00f3,<\/p>\n\n\n\n<p><\/p>\n","protected":false},"excerpt":{"rendered":"<p>Juan Arcos Xalapa, Ver.- Vecinos de la zona centro de Xalapa alertaron a la poblaci\u00f3n en redes sociales sobre un presunto brote de SARS-COV-2 (COVID-19) en el mercado Galeana, ubicado sobre la calle Poeta Jes\u00fas D\u00edaz. Catalina Ruiz Cort\u00e9s se\u00f1al\u00f3 que su padre falleci\u00f3 hace 15 d\u00edas de coronavirus y contrajo el virus en dicho [&hellip;]<\/p>\n","protected":false},"author":1,"featured_media":4618,"comment_status":"open","ping_status":"open","sticky":false,"template":"","format":"standard","meta":{"_jetpack_memberships_contains_paid_content":false,"footnotes":""},"categories":[9],"tags":[],"class_list":["post-4617","post","type-post","status-publish","format-standard","has-post-thumbnail","hentry","category-salud"],"jetpack_featured_media_url":"https:\/\/encuentroinformativo.com.mx\/wp-content\/uploads\/2020\/08\/04B67131-F661-4B19-97B8-BEE59F65C5F1.jpeg","jetpack_sharing_enabled":true,"jetpack_likes_enabled":true,"amp_enabled":true,"_links":{"self":[{"href":"https:\/\/encuentroinformativo.com.mx\/index.php?rest_route=\/wp\/v2\/posts\/4617","targetHints":{"allow":["GET"]}}],"collection":[{"href":"https:\/\/encuentroinformativo.com.mx\/index.php?rest_route=\/wp\/v2\/posts"}],"about":[{"href":"https:\/\/encuentroinformativo.com.mx\/index.php?rest_route=\/wp\/v2\/types\/post"}],"author":[{"embeddable":true,"href":"https:\/\/encuentroinformativo.com.mx\/index.php?rest_route=\/wp\/v2\/users\/1"}],"replies":[{"embeddable":true,"href":"https:\/\/encuentroinformativo.com.mx\/index.php?rest_route=%2Fwp%2Fv2%2Fcomments&post=4617"}],"version-history":[{"count":1,"href":"https:\/\/encuentroinformativo.com.mx\/index.php?rest_route=\/wp\/v2\/posts\/4617\/revisions"}],"predecessor-version":[{"id":4619,"href":"https:\/\/encuentroinformativo.com.mx\/index.php?rest_route=\/wp\/v2\/posts\/4617\/revisions\/4619"}],"wp:featuredmedia":[{"embeddable":true,"href":"https:\/\/encuentroinformativo.com.mx\/index.php?rest_route=\/wp\/v2\/media\/4618"}],"wp:attachment":[{"href":"https:\/\/encuentroinformativo.com.mx\/index.php?rest_route=%2Fwp%2Fv2%2Fmedia&parent=4617"}],"wp:term":[{"taxonomy":"category","embeddable":true,"href":"https:\/\/encuentroinformativo.com.mx\/index.php?rest_route=%2Fwp%2Fv2%2Fcategories&post=4617"},{"taxonomy":"post_tag","embeddable":true,"href":"https:\/\/encuentroinformativo.com.mx\/index.php?rest_route=%2Fwp%2Fv2%2Ftags&post=4617"}],"curies":[{"name":"wp","href":"https:\/\/api.w.org\/{rel}","templated":true}]}}