{"id":46174,"date":"2023-10-07T13:36:44","date_gmt":"2023-10-07T19:36:44","guid":{"rendered":"https:\/\/encuentroinformativo.com.mx\/?p=46174"},"modified":"2023-10-07T13:36:48","modified_gmt":"2023-10-07T19:36:48","slug":"el-candidato-de-la-oposicion-en-veracruz-debe-asegurar-la-unidad-pepe-yunes","status":"publish","type":"post","link":"https:\/\/encuentroinformativo.com.mx\/?p=46174","title":{"rendered":"El candidato de la oposici\u00f3n en Veracruz debe asegurar la unidad: Pepe Yunes"},"content":{"rendered":"\n<p><strong>Alejandro \u00c1vila<\/strong><\/p>\n\n\n\n<p>Veracruz, Ver.- La persona que encabece al Frente Amplio por Veracruz, debe tener honestidad, ser competente y asegurar la unidad entre la oposici\u00f3n, asegur\u00f3 el diputado federal, Jos\u00e9 Yunes Zorrilla.<\/p>\n\n\n\n<p>El pri\u00edsta enfatiz\u00f3 que el proceso de selecci\u00f3n debe tener total claridad y asegur\u00f3 que, la transparencia en los procedimientos y la consideraci\u00f3n de los resultados de las encuestas son esenciales para garantizar un proceso democr\u00e1tico efectivo.<\/p>\n\n\n\n<p>El legislador destac\u00f3 que la anticipaci\u00f3n en el proceso electoral es un error y que nada se gana en la v\u00edspera. Hizo hincapi\u00e9 en que las acciones de quienes adelantan campa\u00f1as en este momento, sin respetar el marco legal, est\u00e1n violando la ley y desviando el concepto de competitividad democr\u00e1tica.<\/p>\n\n\n\n<p>Pepe Yunes enfatiz\u00f3 que las acciones realizadas por el partido Morena son un intento de justificar una trampa, al adelantar los tiempos electorales y llevar a cabo campa\u00f1as prematuras sin respetar la normativa electoral.<\/p>\n\n\n\n<p>El diputado federal hizo un llamado a que el proceso de selecci\u00f3n del candidato de la oposici\u00f3n se realice a trav\u00e9s de un m\u00e9todo transparente que satisfaga a todas las partes involucradas. Insisti\u00f3 en que aquel que presente las mejores credenciales y propuestas tendr\u00e1 la mejor oportunidad de liderar la oposici\u00f3n en Veracruz.<\/p>\n\n\n\n<p>En otra instancia, durante una reuni\u00f3n con miembros de la Confederaci\u00f3n Nacional Campesina (CNC), Pepe Yunes abord\u00f3 la dif\u00edcil situaci\u00f3n econ\u00f3mica y social que enfrenta Veracruz. Explic\u00f3 que actualmente no hay presupuesto suficiente para abastecer de medicamentos a la poblaci\u00f3n ni para mejorar las infraestructuras escolares.<\/p>\n\n\n\n<p>&#8220;Hoy tenemos muchos programas sociales, pero las carreteras est\u00e1n totalmente devastadas. No hay un solo metro ni presupuesto para construir carreteras o escuelas&#8221;, se\u00f1al\u00f3 Yunes Zorrilla.<\/p>\n","protected":false},"excerpt":{"rendered":"<p>Alejandro \u00c1vila Veracruz, Ver.- La persona que encabece al Frente Amplio por Veracruz, debe tener honestidad, ser competente y asegurar la unidad entre la oposici\u00f3n, asegur\u00f3 el diputado federal, Jos\u00e9 Yunes Zorrilla. El pri\u00edsta enfatiz\u00f3 que el proceso de selecci\u00f3n debe tener total claridad y asegur\u00f3 que, la transparencia en los procedimientos y la consideraci\u00f3n [&hellip;]<\/p>\n","protected":false},"author":2476,"featured_media":46175,"comment_status":"open","ping_status":"open","sticky":false,"template":"","format":"standard","meta":{"_jetpack_memberships_contains_paid_content":false,"footnotes":""},"categories":[2],"tags":[],"class_list":["post-46174","post","type-post","status-publish","format-standard","has-post-thumbnail","hentry","category-estado"],"jetpack_featured_media_url":"https:\/\/encuentroinformativo.com.mx\/wp-content\/uploads\/2023\/10\/IMG-20231007-WA00382.jpg","jetpack_sharing_enabled":true,"jetpack_likes_enabled":true,"amp_enabled":true,"_links":{"self":[{"href":"https:\/\/encuentroinformativo.com.mx\/index.php?rest_route=\/wp\/v2\/posts\/46174","targetHints":{"allow":["GET"]}}],"collection":[{"href":"https:\/\/encuentroinformativo.com.mx\/index.php?rest_route=\/wp\/v2\/posts"}],"about":[{"href":"https:\/\/encuentroinformativo.com.mx\/index.php?rest_route=\/wp\/v2\/types\/post"}],"author":[{"embeddable":true,"href":"https:\/\/encuentroinformativo.com.mx\/index.php?rest_route=\/wp\/v2\/users\/2476"}],"replies":[{"embeddable":true,"href":"https:\/\/encuentroinformativo.com.mx\/index.php?rest_route=%2Fwp%2Fv2%2Fcomments&post=46174"}],"version-history":[{"count":1,"href":"https:\/\/encuentroinformativo.com.mx\/index.php?rest_route=\/wp\/v2\/posts\/46174\/revisions"}],"predecessor-version":[{"id":46176,"href":"https:\/\/encuentroinformativo.com.mx\/index.php?rest_route=\/wp\/v2\/posts\/46174\/revisions\/46176"}],"wp:featuredmedia":[{"embeddable":true,"href":"https:\/\/encuentroinformativo.com.mx\/index.php?rest_route=\/wp\/v2\/media\/46175"}],"wp:attachment":[{"href":"https:\/\/encuentroinformativo.com.mx\/index.php?rest_route=%2Fwp%2Fv2%2Fmedia&parent=46174"}],"wp:term":[{"taxonomy":"category","embeddable":true,"href":"https:\/\/encuentroinformativo.com.mx\/index.php?rest_route=%2Fwp%2Fv2%2Fcategories&post=46174"},{"taxonomy":"post_tag","embeddable":true,"href":"https:\/\/encuentroinformativo.com.mx\/index.php?rest_route=%2Fwp%2Fv2%2Ftags&post=46174"}],"curies":[{"name":"wp","href":"https:\/\/api.w.org\/{rel}","templated":true}]}}