{"id":46177,"date":"2023-10-07T18:25:59","date_gmt":"2023-10-08T00:25:59","guid":{"rendered":"https:\/\/encuentroinformativo.com.mx\/?p=46177"},"modified":"2023-10-07T18:26:03","modified_gmt":"2023-10-08T00:26:03","slug":"proximo-informe-de-cuitlahuac-garcia-podria-ser-en-fortaleza-de-san-carlos","status":"publish","type":"post","link":"https:\/\/encuentroinformativo.com.mx\/?p=46177","title":{"rendered":"Pr\u00f3ximo informe de Cuitl\u00e1huac Garc\u00eda podr\u00eda ser en Fortaleza de San Carlos"},"content":{"rendered":"\n<p><strong>Dar\u00edo Pale <\/strong><\/p>\n\n\n\n<p>Xalapa, Ver.- Podr\u00eda dar su Quinto Informe en la Fortaleza de San Carlos, as\u00ed lo adelant\u00f3 el gobernador Cuitl\u00e1huac Garc\u00eda Jim\u00e9nez luego de participar en la jornada de limpieza en dicho recinto.<\/p>\n\n\n\n<p>En entrevista, luego de participar en una jornada de limpieza realizada por trabajadores estatales en dicho recinto previo a la ceremonia del Bicentenario del Her\u00f3ico Her\u00f3ico Colegio Militar, adelant\u00f3 que est\u00e1 contemplando esta sede y otra en la regi\u00f3n de los Tuxtlas.<\/p>\n\n\n\n<p>&#8220;Escogemos una fecha de diciembre para hacer el evento de informe a la poblaci\u00f3n, esta vez vamos a ver d\u00f3nde lo podemos hacer. La vez pasada fue en la zona norte. Tal vez pueda ser aqu\u00ed&#8221;, se\u00f1al\u00f3.<\/p>\n\n\n\n<p>Tambi\u00e9n dio a conocer que est\u00e1 contemplado hacerlo en la regi\u00f3n de Catemaco.\u00a0<\/p>\n\n\n\n<p>Tras concluir la primera etapa de la rehabilitaci\u00f3n de la Fortaleza y luego de la ceremonia por el Bicentenario del Her\u00f3ico Colegio Militar, este recinto ser\u00e1 sede de eventos pol\u00edticos adem\u00e1s de fungir como un museo hist\u00f3rico.<\/p>\n\n\n\n<p>El informe en un principio lo entregara el 15 de noviembre al Congreso del Estado, posteriormente comparecen todas las dependencias y posteriormente regresa a comparecer en diciembre.<\/p>\n\n\n\n<p>Finalmente dio a conocer que el pr\u00f3ximo 11 de octubre habr\u00e1 un evento en la fortaleza con la presencia de los cadetes del colegio militar y el secretario de la Defensa Nacional, el presiente de M\u00e9xico no ha confirmado su asistencia.<\/p>\n","protected":false},"excerpt":{"rendered":"<p>Dar\u00edo Pale Xalapa, Ver.- Podr\u00eda dar su Quinto Informe en la Fortaleza de San Carlos, as\u00ed lo adelant\u00f3 el gobernador Cuitl\u00e1huac Garc\u00eda Jim\u00e9nez luego de participar en la jornada de limpieza en dicho recinto. En entrevista, luego de participar en una jornada de limpieza realizada por trabajadores estatales en dicho recinto previo a la ceremonia [&hellip;]<\/p>\n","protected":false},"author":2476,"featured_media":46178,"comment_status":"open","ping_status":"open","sticky":false,"template":"","format":"standard","meta":{"_jetpack_memberships_contains_paid_content":false,"footnotes":""},"categories":[8],"tags":[],"class_list":["post-46177","post","type-post","status-publish","format-standard","has-post-thumbnail","hentry","category-region"],"jetpack_featured_media_url":"https:\/\/encuentroinformativo.com.mx\/wp-content\/uploads\/2023\/10\/IMG-20231007-WA00302.jpg","jetpack_sharing_enabled":true,"jetpack_likes_enabled":true,"amp_enabled":true,"_links":{"self":[{"href":"https:\/\/encuentroinformativo.com.mx\/index.php?rest_route=\/wp\/v2\/posts\/46177","targetHints":{"allow":["GET"]}}],"collection":[{"href":"https:\/\/encuentroinformativo.com.mx\/index.php?rest_route=\/wp\/v2\/posts"}],"about":[{"href":"https:\/\/encuentroinformativo.com.mx\/index.php?rest_route=\/wp\/v2\/types\/post"}],"author":[{"embeddable":true,"href":"https:\/\/encuentroinformativo.com.mx\/index.php?rest_route=\/wp\/v2\/users\/2476"}],"replies":[{"embeddable":true,"href":"https:\/\/encuentroinformativo.com.mx\/index.php?rest_route=%2Fwp%2Fv2%2Fcomments&post=46177"}],"version-history":[{"count":1,"href":"https:\/\/encuentroinformativo.com.mx\/index.php?rest_route=\/wp\/v2\/posts\/46177\/revisions"}],"predecessor-version":[{"id":46179,"href":"https:\/\/encuentroinformativo.com.mx\/index.php?rest_route=\/wp\/v2\/posts\/46177\/revisions\/46179"}],"wp:featuredmedia":[{"embeddable":true,"href":"https:\/\/encuentroinformativo.com.mx\/index.php?rest_route=\/wp\/v2\/media\/46178"}],"wp:attachment":[{"href":"https:\/\/encuentroinformativo.com.mx\/index.php?rest_route=%2Fwp%2Fv2%2Fmedia&parent=46177"}],"wp:term":[{"taxonomy":"category","embeddable":true,"href":"https:\/\/encuentroinformativo.com.mx\/index.php?rest_route=%2Fwp%2Fv2%2Fcategories&post=46177"},{"taxonomy":"post_tag","embeddable":true,"href":"https:\/\/encuentroinformativo.com.mx\/index.php?rest_route=%2Fwp%2Fv2%2Ftags&post=46177"}],"curies":[{"name":"wp","href":"https:\/\/api.w.org\/{rel}","templated":true}]}}