{"id":46180,"date":"2023-10-07T18:34:33","date_gmt":"2023-10-08T00:34:33","guid":{"rendered":"https:\/\/encuentroinformativo.com.mx\/?p=46180"},"modified":"2023-10-07T18:34:37","modified_gmt":"2023-10-08T00:34:37","slug":"se-desploman-precios-de-cafe-en-mercado-nacional","status":"publish","type":"post","link":"https:\/\/encuentroinformativo.com.mx\/?p=46180","title":{"rendered":"Se desploman precios de caf\u00e9 en mercado nacional"},"content":{"rendered":"\n<p><strong>Dar\u00edo Pale <\/strong><\/p>\n\n\n\n<p>Xalapa, Ver.- El presidente de la Uni\u00f3n Nacional de Productores de Caf\u00e9-CNC, Jos\u00e9 Julio Morales Espinoza, dio a conocer que, los precios del caf\u00e9 han ca\u00eddo de manera estrepitosa en el mercado nacional y uno de los factores es que la importaci\u00f3n del producto de mala calidad que realizan algunos pa\u00edses productores de renombre es uno de los factores que provocaron estas situaciones.<\/p>\n\n\n\n<p>En entrevista explic\u00f3 que los pa\u00edses exportadore han utilizado caf\u00e9 de calidad, &#8220;pero que ahora lo camuflajean con caf\u00e9s inferiores, demeritan su calidad y da\u00f1a los precios internacionales del mismo&#8221;.<\/p>\n\n\n\n<p>Tambi\u00e9n coment\u00f3 que se prev\u00e9 que la pr\u00f3xima cosecha \u201cpueda presentar serios problemas en los precios al campo, demeritando el precio hasta en un 50 por ciento de lo esperado por los productores&#8221;.<\/p>\n\n\n\n<p>Finalmente lament\u00f3 esta situaci\u00f3n, porque se tienen serios problemas con la cosecha que se viene, por lo que ya se prev\u00e9 solicitar al Gobierno Federal recursos fiscales de compensaci\u00f3n, porque las p\u00e9rdidas van a ser muchas si los precios siguen a la baja, lo que originar\u00eda que los productores pierdan un 50 por ciento.<\/p>\n","protected":false},"excerpt":{"rendered":"<p>Dar\u00edo Pale Xalapa, Ver.- El presidente de la Uni\u00f3n Nacional de Productores de Caf\u00e9-CNC, Jos\u00e9 Julio Morales Espinoza, dio a conocer que, los precios del caf\u00e9 han ca\u00eddo de manera estrepitosa en el mercado nacional y uno de los factores es que la importaci\u00f3n del producto de mala calidad que realizan algunos pa\u00edses productores de [&hellip;]<\/p>\n","protected":false},"author":2476,"featured_media":46181,"comment_status":"open","ping_status":"open","sticky":false,"template":"","format":"standard","meta":{"_jetpack_memberships_contains_paid_content":false,"footnotes":""},"categories":[2],"tags":[],"class_list":["post-46180","post","type-post","status-publish","format-standard","has-post-thumbnail","hentry","category-estado"],"jetpack_featured_media_url":"https:\/\/encuentroinformativo.com.mx\/wp-content\/uploads\/2023\/10\/IMG-20231007-WA0034.jpg","jetpack_sharing_enabled":true,"jetpack_likes_enabled":true,"amp_enabled":true,"_links":{"self":[{"href":"https:\/\/encuentroinformativo.com.mx\/index.php?rest_route=\/wp\/v2\/posts\/46180","targetHints":{"allow":["GET"]}}],"collection":[{"href":"https:\/\/encuentroinformativo.com.mx\/index.php?rest_route=\/wp\/v2\/posts"}],"about":[{"href":"https:\/\/encuentroinformativo.com.mx\/index.php?rest_route=\/wp\/v2\/types\/post"}],"author":[{"embeddable":true,"href":"https:\/\/encuentroinformativo.com.mx\/index.php?rest_route=\/wp\/v2\/users\/2476"}],"replies":[{"embeddable":true,"href":"https:\/\/encuentroinformativo.com.mx\/index.php?rest_route=%2Fwp%2Fv2%2Fcomments&post=46180"}],"version-history":[{"count":1,"href":"https:\/\/encuentroinformativo.com.mx\/index.php?rest_route=\/wp\/v2\/posts\/46180\/revisions"}],"predecessor-version":[{"id":46182,"href":"https:\/\/encuentroinformativo.com.mx\/index.php?rest_route=\/wp\/v2\/posts\/46180\/revisions\/46182"}],"wp:featuredmedia":[{"embeddable":true,"href":"https:\/\/encuentroinformativo.com.mx\/index.php?rest_route=\/wp\/v2\/media\/46181"}],"wp:attachment":[{"href":"https:\/\/encuentroinformativo.com.mx\/index.php?rest_route=%2Fwp%2Fv2%2Fmedia&parent=46180"}],"wp:term":[{"taxonomy":"category","embeddable":true,"href":"https:\/\/encuentroinformativo.com.mx\/index.php?rest_route=%2Fwp%2Fv2%2Fcategories&post=46180"},{"taxonomy":"post_tag","embeddable":true,"href":"https:\/\/encuentroinformativo.com.mx\/index.php?rest_route=%2Fwp%2Fv2%2Ftags&post=46180"}],"curies":[{"name":"wp","href":"https:\/\/api.w.org\/{rel}","templated":true}]}}