{"id":46186,"date":"2023-10-08T13:00:29","date_gmt":"2023-10-08T19:00:29","guid":{"rendered":"https:\/\/encuentroinformativo.com.mx\/?p=46186"},"modified":"2023-10-08T13:00:34","modified_gmt":"2023-10-08T19:00:34","slug":"liberan-a-cafetaleros-recluidos-en-la-toma","status":"publish","type":"post","link":"https:\/\/encuentroinformativo.com.mx\/?p=46186","title":{"rendered":"Liberan a cafetaleros recluidos en La Toma"},"content":{"rendered":"\n<p><strong>Juan Arcos <\/strong><\/p>\n\n\n\n<p>Xalapa, Ver.- La exalcaldesa de Ixhuatl\u00e1n del Caf\u00e9, Viridiana Bret\u00f3n Feito, y el cafetalero Crisanto Valiente Miram\u00f3n abandonaron el penal de Amatl\u00e1n de los Reyes, mejor conocido como \u201cLa Toma\u201d, a quienes denunci\u00f3 la empresa Agroindustrias Unidas de M\u00e9xico (AMSA) por el presunto delito de estragos.<\/p>\n\n\n\n<p>La tarde de este s\u00e1bado 7 de octubre se reunieron con sus familiares despu\u00e9s de m\u00e1s de cuatro meses en la c\u00e1rcel por un delito que presuntamente no cometieron, siendo v\u00edctimas de una acusaci\u00f3n \u201cfraudulenta\u201d por parte de la empresa ECOM-AMSA.<\/p>\n\n\n\n<p>El pasado 26 de mayo fueron arrestados cinco cafetaleros, entre ellos Viridiana y Crisanto, y fueron giradas \u00f3rdenes de aprehensi\u00f3n contra otras siete personas. Viridiana y Crisanto lograron la prisi\u00f3n domiciliario.<\/p>\n\n\n\n<p>El 28 de junio fueron liberados Minervo Cantor Pe\u00f1a, Abraham Cabal Pulido y Cirio Ruiz Gonz\u00e1lez, este \u00faltimo presidente del Consejo Regional del Caf\u00e9 de Coatepec, quienes hab\u00edan sido encarcelados por el mismo caso.<\/p>\n\n\n\n<p>Apenas hace unas semanas, sus familiares revelaron que una comisi\u00f3n de Derechos Humanos de la Organizaci\u00f3n de las Naciones Unidas (ONU) podr\u00eda intervenir en este caso.<\/p>\n\n\n\n<p>La compa\u00f1\u00eda los demand\u00f3 por haber ocasionado un incendio y presuntos da\u00f1os en su beneficio del municipio de Ixhuatl\u00e1n del Caf\u00e9, en enero de 2022, durante una manifestaci\u00f3n de productores que reclamaban mejores precios de caf\u00e9 a la empresa.<\/p>\n\n\n\n<p>Los familiares de los detenidos mantuvieron comunicaci\u00f3n con funcionarios de la Presidencia y la Secretar\u00eda de Gobernaci\u00f3n, ante la obstrucci\u00f3n de funcionarios estatales y del sistema judicial que no permit\u00edan la liberaci\u00f3n de Viridiana Bret\u00f3n y Crisanto Valiente.<\/p>\n\n\n\n<p>Tambi\u00e9n exigieron a las autoridades federales que intervengan ante la empresa AMSA y se desista de su acusaci\u00f3n, se termine el juicio y los acusados tengan su libertad plena.<\/p>\n","protected":false},"excerpt":{"rendered":"<p>Juan Arcos Xalapa, Ver.- La exalcaldesa de Ixhuatl\u00e1n del Caf\u00e9, Viridiana Bret\u00f3n Feito, y el cafetalero Crisanto Valiente Miram\u00f3n abandonaron el penal de Amatl\u00e1n de los Reyes, mejor conocido como \u201cLa Toma\u201d, a quienes denunci\u00f3 la empresa Agroindustrias Unidas de M\u00e9xico (AMSA) por el presunto delito de estragos. La tarde de este s\u00e1bado 7 de [&hellip;]<\/p>\n","protected":false},"author":2476,"featured_media":46187,"comment_status":"open","ping_status":"open","sticky":false,"template":"","format":"standard","meta":{"_jetpack_memberships_contains_paid_content":false,"footnotes":""},"categories":[8],"tags":[],"class_list":["post-46186","post","type-post","status-publish","format-standard","has-post-thumbnail","hentry","category-region"],"jetpack_featured_media_url":"https:\/\/encuentroinformativo.com.mx\/wp-content\/uploads\/2023\/10\/195e09fc-fe7c-4b75-a145-69a9d18922b32.jpg","jetpack_sharing_enabled":true,"jetpack_likes_enabled":true,"amp_enabled":true,"_links":{"self":[{"href":"https:\/\/encuentroinformativo.com.mx\/index.php?rest_route=\/wp\/v2\/posts\/46186","targetHints":{"allow":["GET"]}}],"collection":[{"href":"https:\/\/encuentroinformativo.com.mx\/index.php?rest_route=\/wp\/v2\/posts"}],"about":[{"href":"https:\/\/encuentroinformativo.com.mx\/index.php?rest_route=\/wp\/v2\/types\/post"}],"author":[{"embeddable":true,"href":"https:\/\/encuentroinformativo.com.mx\/index.php?rest_route=\/wp\/v2\/users\/2476"}],"replies":[{"embeddable":true,"href":"https:\/\/encuentroinformativo.com.mx\/index.php?rest_route=%2Fwp%2Fv2%2Fcomments&post=46186"}],"version-history":[{"count":1,"href":"https:\/\/encuentroinformativo.com.mx\/index.php?rest_route=\/wp\/v2\/posts\/46186\/revisions"}],"predecessor-version":[{"id":46188,"href":"https:\/\/encuentroinformativo.com.mx\/index.php?rest_route=\/wp\/v2\/posts\/46186\/revisions\/46188"}],"wp:featuredmedia":[{"embeddable":true,"href":"https:\/\/encuentroinformativo.com.mx\/index.php?rest_route=\/wp\/v2\/media\/46187"}],"wp:attachment":[{"href":"https:\/\/encuentroinformativo.com.mx\/index.php?rest_route=%2Fwp%2Fv2%2Fmedia&parent=46186"}],"wp:term":[{"taxonomy":"category","embeddable":true,"href":"https:\/\/encuentroinformativo.com.mx\/index.php?rest_route=%2Fwp%2Fv2%2Fcategories&post=46186"},{"taxonomy":"post_tag","embeddable":true,"href":"https:\/\/encuentroinformativo.com.mx\/index.php?rest_route=%2Fwp%2Fv2%2Ftags&post=46186"}],"curies":[{"name":"wp","href":"https:\/\/api.w.org\/{rel}","templated":true}]}}