{"id":46194,"date":"2023-10-08T13:16:35","date_gmt":"2023-10-08T19:16:35","guid":{"rendered":"https:\/\/encuentroinformativo.com.mx\/?p=46194"},"modified":"2023-10-08T13:16:39","modified_gmt":"2023-10-08T19:16:39","slug":"persiste-discriminacion-contra-personas-transgenero-acusan-trabajadores","status":"publish","type":"post","link":"https:\/\/encuentroinformativo.com.mx\/?p=46194","title":{"rendered":"Persiste discriminaci\u00f3n contra personas transg\u00e9nero, acusan trabajadores"},"content":{"rendered":"\n<p><strong>Juan Arcos <\/strong><\/p>\n\n\n\n<p>Xalapa, Ver.- En el estado de Veracruz contin\u00faan los casos de discriminaci\u00f3n contra integrantes de la comunidad diversa al interior de instancias de gobierno.<\/p>\n\n\n\n<p>Erick Leonardo, hombre transg\u00e9nero, acus\u00f3 que es revictimizado por personal de la Direcci\u00f3n General de Responsabilidades Administrativas de la Contralor\u00eda General del Estado de Veracruz.<\/p>\n\n\n\n<p>\u00c9l es empleado de la Secretar\u00eda de Seguridad P\u00fablica del Estado de Veracruz y recibe un trato discriminatorio por parte de autoridades investigadoras, debido a su identidad sexo-g\u00e9nerica.<\/p>\n\n\n\n<p>En los meses de octubre del a\u00f1o 2021 a junio del a\u00f1o 2022, un grupo compa\u00f1eras mujeres polic\u00edas adscritas al \u00e1rea de Enlace de G\u00e9nero del Cuartel San Jos\u00e9 \u201cHeriberto Jara Corona\u201d se unieron para acusarlo con falsedad ante la Direcci\u00f3n General de Asuntos Internos y el \u00d3rgano Interno de Control de la Secretar\u00eda de Seguridad P\u00fablica del Estado de Veracruz.<\/p>\n\n\n\n<p>En ese periodo se abrieron cuatro expedientes en la Direcci\u00f3n General de Asuntos Internos y uno en el \u00d3rgano Interno de Control de la Secretar\u00eda de Seguridad P\u00fablica del Estado de Veracruz.<\/p>\n\n\n\n<p>El hombre transg\u00e9nero combati\u00f3 las investigaciones, incluso contrat\u00f3 los servicios de un abogado particular; sin embargo, existe discriminaci\u00f3n por su identidad de g\u00e9nero y orientaci\u00f3n sexual, as\u00ed como abuso y falta de \u00e9tica por parte de las autoridades investigadoras, ya que sin motivo ni justificaci\u00f3n desechan sus pruebas; y aunque las ofendidas no presentan medios probatorios y \u00fanicamente se valen de sus dichos, las autoridades antes citadas resuelven a su favor.<\/p>\n\n\n\n<p>\u201cEl pasado 28 de septiembre 2023, previa cita, me presente en las oficinas de la Subdirecci\u00f3n de Responsabilidades de los Servidores P\u00fablicos de la Direcci\u00f3n General de Responsabilidades Administrativas, con la servidora p\u00fablica que est\u00e1 a cargo de la integraci\u00f3n del expediente de Presunta Responsabilidad Administrativa, donde se me acusa con falsedad\u201d.<\/p>\n\n\n\n<p>Erick Leonardo, quien se identifica plenamente con la poblaci\u00f3n L\u00e9sbico, Gay, Bisexual, Transg\u00e9nero, Transexual, Travesti, Intersexual y Queer, exige justicia en el caso.<\/p>\n","protected":false},"excerpt":{"rendered":"<p>Juan Arcos Xalapa, Ver.- En el estado de Veracruz contin\u00faan los casos de discriminaci\u00f3n contra integrantes de la comunidad diversa al interior de instancias de gobierno. Erick Leonardo, hombre transg\u00e9nero, acus\u00f3 que es revictimizado por personal de la Direcci\u00f3n General de Responsabilidades Administrativas de la Contralor\u00eda General del Estado de Veracruz. \u00c9l es empleado de [&hellip;]<\/p>\n","protected":false},"author":2476,"featured_media":46195,"comment_status":"open","ping_status":"open","sticky":false,"template":"","format":"standard","meta":{"_jetpack_memberships_contains_paid_content":false,"footnotes":""},"categories":[2],"tags":[],"class_list":["post-46194","post","type-post","status-publish","format-standard","has-post-thumbnail","hentry","category-estado"],"jetpack_featured_media_url":"https:\/\/encuentroinformativo.com.mx\/wp-content\/uploads\/2023\/10\/IMG_6635.jpg","jetpack_sharing_enabled":true,"jetpack_likes_enabled":true,"amp_enabled":true,"_links":{"self":[{"href":"https:\/\/encuentroinformativo.com.mx\/index.php?rest_route=\/wp\/v2\/posts\/46194","targetHints":{"allow":["GET"]}}],"collection":[{"href":"https:\/\/encuentroinformativo.com.mx\/index.php?rest_route=\/wp\/v2\/posts"}],"about":[{"href":"https:\/\/encuentroinformativo.com.mx\/index.php?rest_route=\/wp\/v2\/types\/post"}],"author":[{"embeddable":true,"href":"https:\/\/encuentroinformativo.com.mx\/index.php?rest_route=\/wp\/v2\/users\/2476"}],"replies":[{"embeddable":true,"href":"https:\/\/encuentroinformativo.com.mx\/index.php?rest_route=%2Fwp%2Fv2%2Fcomments&post=46194"}],"version-history":[{"count":1,"href":"https:\/\/encuentroinformativo.com.mx\/index.php?rest_route=\/wp\/v2\/posts\/46194\/revisions"}],"predecessor-version":[{"id":46196,"href":"https:\/\/encuentroinformativo.com.mx\/index.php?rest_route=\/wp\/v2\/posts\/46194\/revisions\/46196"}],"wp:featuredmedia":[{"embeddable":true,"href":"https:\/\/encuentroinformativo.com.mx\/index.php?rest_route=\/wp\/v2\/media\/46195"}],"wp:attachment":[{"href":"https:\/\/encuentroinformativo.com.mx\/index.php?rest_route=%2Fwp%2Fv2%2Fmedia&parent=46194"}],"wp:term":[{"taxonomy":"category","embeddable":true,"href":"https:\/\/encuentroinformativo.com.mx\/index.php?rest_route=%2Fwp%2Fv2%2Fcategories&post=46194"},{"taxonomy":"post_tag","embeddable":true,"href":"https:\/\/encuentroinformativo.com.mx\/index.php?rest_route=%2Fwp%2Fv2%2Ftags&post=46194"}],"curies":[{"name":"wp","href":"https:\/\/api.w.org\/{rel}","templated":true}]}}