{"id":462,"date":"2020-03-05T17:11:34","date_gmt":"2020-03-05T23:11:34","guid":{"rendered":"https:\/\/encuentroinformativo.com\/?p=462"},"modified":"2020-03-05T17:58:18","modified_gmt":"2020-03-05T23:58:18","slug":"maestras-dan-a-conocer-caso-de-violencia-infantil","status":"publish","type":"post","link":"https:\/\/encuentroinformativo.com.mx\/?p=462","title":{"rendered":"Maestras dan a conocer caso de violencia infantil"},"content":{"rendered":"\n<p><strong>*El padre de la menor y su madrastra fueron denunciados por los hechos. <\/strong><\/p>\n\n\n\n<p><strong>Juan Arcos<\/strong><\/p>\n\n\n\n<p>Una menor de identidad resguardada con las siglas G.R.R. fue violentada por su madrastra y padre durante tres a\u00f1os consecutivos hasta que ella pidi\u00f3 ayuda a su maestra de k\u00ednder.<\/p>\n\n\n\n<p>El caso fue exhibido este jueves por la abogada Lourdes S\u00e1nchez Mart\u00ednez, representante legal de la se\u00f1ora Aner\u00ed Rivera Hern\u00e1ndez, madre de la ni\u00f1a agredida.<\/p>\n\n\n\n<p>Alma Daniela Bautista Torres y Francisco Alejandro Rodr\u00edguez Hern\u00e1ndez fueron denunciados por el delito de violencia intrafamiliar y omisi\u00f3n de cuidado ante la Fiscal\u00eda General del Estado (FGE), el 14 de noviembre del 2019.<\/p>\n\n\n\n<p>En noviembre de 2019, la maestra Rosaura Alicia Galv\u00e1n Hern\u00e1ndez notific\u00f3 a la madre que la ni\u00f1a hab\u00eda padecido violencia f\u00edsica y psicol\u00f3gica por parte de su madrastra, al grado que llegaba con moretones a la escuela y la menor ped\u00eda ayuda porque no aguantaba la situaci\u00f3n.<\/p>\n\n\n\n<p>Los se\u00f1alados enfrentan el juicio 68\/2020 del Juzgado Octavo de primera instancia especializado en materia familiar y dos carpetas de investigaci\u00f3n: una en contra Alma Bautista, que es la 2626\/2019 de la Fiscal\u00eda Octava, y la 86\/2020 de la Fiscal\u00eda Primera.<\/p>\n\n\n\n<p>Ante lo ocurrido, Alejandro Rodr\u00edguez public\u00f3 en redes sociales el mi\u00e9rcoles 4 de marzo que la menor fue sustra\u00edda y \u201cquiere manchar el nombre de la instituci\u00f3n\u201d donde estudia la menor de edad.<\/p>\n\n\n\n<p>Adem\u00e1s de las agresiones que caus\u00f3 a su hija, est\u00e1 denunciado por evadir el cumplimiento de pago de pensi\u00f3n alimenticia.<\/p>\n\n\n\n<p><\/p>\n","protected":false},"excerpt":{"rendered":"<p>*El padre de la menor y su madrastra fueron denunciados por los hechos. Juan Arcos Una menor de identidad resguardada con las siglas G.R.R. fue violentada por su madrastra y padre durante tres a\u00f1os consecutivos hasta que ella pidi\u00f3 ayuda a su maestra de k\u00ednder. El caso fue exhibido este jueves por la abogada Lourdes [&hellip;]<\/p>\n","protected":false},"author":1,"featured_media":464,"comment_status":"open","ping_status":"open","sticky":false,"template":"","format":"standard","meta":{"_jetpack_memberships_contains_paid_content":false,"footnotes":""},"categories":[3],"tags":[],"class_list":["post-462","post","type-post","status-publish","format-standard","has-post-thumbnail","hentry","category-xalapa"],"jetpack_featured_media_url":"https:\/\/encuentroinformativo.com.mx\/wp-content\/uploads\/2020\/03\/BB781985-76A7-4B17-9473-C6A298F78D8F.jpeg","jetpack_sharing_enabled":true,"jetpack_likes_enabled":true,"amp_enabled":true,"_links":{"self":[{"href":"https:\/\/encuentroinformativo.com.mx\/index.php?rest_route=\/wp\/v2\/posts\/462","targetHints":{"allow":["GET"]}}],"collection":[{"href":"https:\/\/encuentroinformativo.com.mx\/index.php?rest_route=\/wp\/v2\/posts"}],"about":[{"href":"https:\/\/encuentroinformativo.com.mx\/index.php?rest_route=\/wp\/v2\/types\/post"}],"author":[{"embeddable":true,"href":"https:\/\/encuentroinformativo.com.mx\/index.php?rest_route=\/wp\/v2\/users\/1"}],"replies":[{"embeddable":true,"href":"https:\/\/encuentroinformativo.com.mx\/index.php?rest_route=%2Fwp%2Fv2%2Fcomments&post=462"}],"version-history":[{"count":1,"href":"https:\/\/encuentroinformativo.com.mx\/index.php?rest_route=\/wp\/v2\/posts\/462\/revisions"}],"predecessor-version":[{"id":463,"href":"https:\/\/encuentroinformativo.com.mx\/index.php?rest_route=\/wp\/v2\/posts\/462\/revisions\/463"}],"wp:featuredmedia":[{"embeddable":true,"href":"https:\/\/encuentroinformativo.com.mx\/index.php?rest_route=\/wp\/v2\/media\/464"}],"wp:attachment":[{"href":"https:\/\/encuentroinformativo.com.mx\/index.php?rest_route=%2Fwp%2Fv2%2Fmedia&parent=462"}],"wp:term":[{"taxonomy":"category","embeddable":true,"href":"https:\/\/encuentroinformativo.com.mx\/index.php?rest_route=%2Fwp%2Fv2%2Fcategories&post=462"},{"taxonomy":"post_tag","embeddable":true,"href":"https:\/\/encuentroinformativo.com.mx\/index.php?rest_route=%2Fwp%2Fv2%2Ftags&post=462"}],"curies":[{"name":"wp","href":"https:\/\/api.w.org\/{rel}","templated":true}]}}