{"id":46209,"date":"2023-10-08T16:17:36","date_gmt":"2023-10-08T22:17:36","guid":{"rendered":"https:\/\/encuentroinformativo.com.mx\/?p=46209"},"modified":"2023-10-08T16:17:40","modified_gmt":"2023-10-08T22:17:40","slug":"despues-de-seis-anos-volveran-jaripeos-a-medellin-de-bravo","status":"publish","type":"post","link":"https:\/\/encuentroinformativo.com.mx\/?p=46209","title":{"rendered":"Despu\u00e9s de seis a\u00f1os, volver\u00e1n  jaripeos a Medell\u00edn de Bravo"},"content":{"rendered":"\n<p><strong>Alejandro \u00c1vila<\/strong><\/p>\n\n\n\n<p>Boca del R\u00edo, Ver.- Tras 6 a\u00f1os de ausencia debido a la falta de apoyo de las autoridades, volver\u00e1n los jaripeos al municipio de Medell\u00edn de Bravo; el pr\u00f3ximo 19 de noviembre en la colonia Guti\u00e9rrez Rosas, junto al campo de b\u00e9isbol, se llevar\u00e1 a cabo este magno evento, el cual tendr\u00e1 entrada gratuita para todos los medellinenses.<\/p>\n\n\n\n<p>La actividad denominada &#8220;MEMOtivan las Tradiciones&#8221;, se complementar\u00e1 con montadores de reses, payasos de rodeo, grupos musicales; posteriormente se piensa volver a reactivar las cabalgatas.<\/p>\n\n\n\n<p>Por su parte, el empresario, Guillermo Herrada Jim\u00e9nez, quien auspicia el evento, mencion\u00f3 que de esta forma se busca reactivar la econom\u00eda en Medell\u00edn de Bravo, pues con estos eventos se espera que lleguen visitantes de municipios como, Jamapa, Cotaxtla, Alvarado, Tlalixcoyan, Veracruz y Alvarado, los cuales destacan en la entidad con su charrer\u00eda y jaripeo.<\/p>\n\n\n\n<p>El jaripeo es una celebraci\u00f3n arraigada en nuestras ra\u00edces mexicanas, donde se exhibe la destreza y valent\u00eda de los jinetes enfrent\u00e1ndose a toros bravos. Este evento contar\u00e1 con la participaci\u00f3n de los mejores jinetes y ganader\u00edas de la regi\u00f3n, asegurando un espect\u00e1culo de primer nivel y lleno de emociones.<\/p>\n\n\n\n<p>\u201cEs de suma importancia el que preservemos nuestras tradiciones, el jaripeo era una de las actividades m\u00e1s esperadas en Medell\u00edn, hoy hemos hecho buena sinergia con integrantes del Comisariado Ejidal de El Tejar y con el trabajo de todos, vamos a poder llevarlo a cabo, y as\u00ed regresarle a nuestro municipio todo eso que le da identidad\u201d, mencion\u00f3 Guillermo Herrada, presidente de Asociaci\u00f3n Civil Medell\u00edn en Movimiento.<\/p>\n\n\n\n<p>\u201cSe hab\u00edan perdido las tradiciones, las queremos recuperar al cien por ciento de una forma muy familiar y segura, para que se lleven un muy buen sabor de boca del municipio de Medell\u00edn de Bravo\u201d, manifest\u00f3 Emilio Zapata Soberanes, encargado de la seguridad en los corrales.<\/p>\n\n\n\n<p>El acceso a esta gran fiesta ser\u00e1 gratuito a todos los habitantes de Medell\u00edn de Bravo, teniendo una cuota de cooperaci\u00f3n m\u00ednima para visitantes de los municipios vecinos.<\/p>\n\n\n\n<p>\u201cMi compromiso es real y aut\u00e9ntico y trabajar\u00e9 para sacar adelante a mi municipio, de la mano del pueblo y de las personas que busquen un beneficio com\u00fan, abonando al desarrollo de mi gente medellinense\u201d, concluy\u00f3 Guillermo Herrada.<\/p>\n","protected":false},"excerpt":{"rendered":"<p>Alejandro \u00c1vila Boca del R\u00edo, Ver.- Tras 6 a\u00f1os de ausencia debido a la falta de apoyo de las autoridades, volver\u00e1n los jaripeos al municipio de Medell\u00edn de Bravo; el pr\u00f3ximo 19 de noviembre en la colonia Guti\u00e9rrez Rosas, junto al campo de b\u00e9isbol, se llevar\u00e1 a cabo este magno evento, el cual tendr\u00e1 entrada [&hellip;]<\/p>\n","protected":false},"author":2476,"featured_media":46210,"comment_status":"open","ping_status":"open","sticky":false,"template":"","format":"standard","meta":{"_jetpack_memberships_contains_paid_content":false,"footnotes":""},"categories":[2],"tags":[],"class_list":["post-46209","post","type-post","status-publish","format-standard","has-post-thumbnail","hentry","category-estado"],"jetpack_featured_media_url":"https:\/\/encuentroinformativo.com.mx\/wp-content\/uploads\/2023\/10\/IMG-20231008-WA0041.jpg","jetpack_sharing_enabled":true,"jetpack_likes_enabled":true,"amp_enabled":true,"_links":{"self":[{"href":"https:\/\/encuentroinformativo.com.mx\/index.php?rest_route=\/wp\/v2\/posts\/46209","targetHints":{"allow":["GET"]}}],"collection":[{"href":"https:\/\/encuentroinformativo.com.mx\/index.php?rest_route=\/wp\/v2\/posts"}],"about":[{"href":"https:\/\/encuentroinformativo.com.mx\/index.php?rest_route=\/wp\/v2\/types\/post"}],"author":[{"embeddable":true,"href":"https:\/\/encuentroinformativo.com.mx\/index.php?rest_route=\/wp\/v2\/users\/2476"}],"replies":[{"embeddable":true,"href":"https:\/\/encuentroinformativo.com.mx\/index.php?rest_route=%2Fwp%2Fv2%2Fcomments&post=46209"}],"version-history":[{"count":1,"href":"https:\/\/encuentroinformativo.com.mx\/index.php?rest_route=\/wp\/v2\/posts\/46209\/revisions"}],"predecessor-version":[{"id":46211,"href":"https:\/\/encuentroinformativo.com.mx\/index.php?rest_route=\/wp\/v2\/posts\/46209\/revisions\/46211"}],"wp:featuredmedia":[{"embeddable":true,"href":"https:\/\/encuentroinformativo.com.mx\/index.php?rest_route=\/wp\/v2\/media\/46210"}],"wp:attachment":[{"href":"https:\/\/encuentroinformativo.com.mx\/index.php?rest_route=%2Fwp%2Fv2%2Fmedia&parent=46209"}],"wp:term":[{"taxonomy":"category","embeddable":true,"href":"https:\/\/encuentroinformativo.com.mx\/index.php?rest_route=%2Fwp%2Fv2%2Fcategories&post=46209"},{"taxonomy":"post_tag","embeddable":true,"href":"https:\/\/encuentroinformativo.com.mx\/index.php?rest_route=%2Fwp%2Fv2%2Ftags&post=46209"}],"curies":[{"name":"wp","href":"https:\/\/api.w.org\/{rel}","templated":true}]}}