{"id":46212,"date":"2023-10-08T16:30:42","date_gmt":"2023-10-08T22:30:42","guid":{"rendered":"https:\/\/encuentroinformativo.com.mx\/?p=46212"},"modified":"2023-10-08T16:30:47","modified_gmt":"2023-10-08T22:30:47","slug":"foro-de-expresion-del-pueblo-reunio-a-simpatizantes-en-catemaco","status":"publish","type":"post","link":"https:\/\/encuentroinformativo.com.mx\/?p=46212","title":{"rendered":"Foro de expresi\u00f3n del pueblo, reuni\u00f3 a simpatizantes en Catemaco"},"content":{"rendered":"\n<p>Catemaco, Ver.- El Movimiento Unidos Todos lleg\u00f3 al municipio de Catemaco, como parte de la agenda de actividades del Foro de Expresi\u00f3n del Pueblo, cuya premisa es acercar a todas y todos los espacios para dar a conocer los resultados de la Cuarta Transformaci\u00f3n, reuniendo a un total de mil 200 personas convencidas de seguir siendo testigos de los logros de la presente administraci\u00f3n estatal y federal.<\/p>\n\n\n\n<p>Juan G\u00f3mez Mart\u00ednez, alcalde de Hueyapan de Ocampo fue contundente al asegurar que los habitantes de su municipio quieren la transformaci\u00f3n completa, luego de ver c\u00f3mo por a\u00f1os la ciudad estuvo \u201chundida en el pantano\u201d.<\/p>\n\n\n\n<p>\u201cHemos progresado bastante en Hueyapan de Ocampo, el municipio que represento se encontraba \u201chundido en el pantano\u201d y gracias a los apoyos lo hemos logrado sacar de ese rezago tan grande, pero las cosas no se hacen solas, tenemos que unirnos todos, porque queremos la transformaci\u00f3n completa\u201d, destac\u00f3.<\/p>\n\n\n\n<p>Durante su intervenci\u00f3n, el Maestro Eleazar Guerrero P\u00e9rez puntualiz\u00f3 que los foros de expresi\u00f3n son el motivo perfecto para escuchar a la gente, \u201cdesde P\u00e1nuco hasta las Choapas, los foros representan una opci\u00f3n de di\u00e1logo y reflexi\u00f3n, sobre los alcances logrados por la 4T y los espacios de oportunidad que a\u00fan existen\u201d., adelant\u00f3.<\/p>\n\n\n\n<p>Convencido de que los Foros de Expresi\u00f3n del Pueblo se nutren de los testimonios de la gente, asegur\u00f3 que el escuchar cada una de las voces es fundamental para dar continuidad a la 4T.<\/p>\n\n\n\n<p>Los asistentes escucharon atentos los beneficios que ahora gozan las personas afiliadas a las pol\u00edticas p\u00fablicas. Su voz hizo eco en los presentes como prueba viva del gran avance que se ha logrado con la Cuarta Transformaci\u00f3n.<\/p>\n\n\n\n<p>Guerrero P\u00e9rez hizo \u00e9nfasis en no olvidar el pasado y c\u00f3mo los gobiernos anteriores acabaron con el pueblo y se enriquecieron, sobre todo porque es momento de dar continuidad al esquema de gobierno que dio inicio hace cinco a\u00f1os con el triunfo del Presidente, Andr\u00e9s Manuel L\u00f3pez Obrador.<\/p>\n","protected":false},"excerpt":{"rendered":"<p>Catemaco, Ver.- El Movimiento Unidos Todos lleg\u00f3 al municipio de Catemaco, como parte de la agenda de actividades del Foro de Expresi\u00f3n del Pueblo, cuya premisa es acercar a todas y todos los espacios para dar a conocer los resultados de la Cuarta Transformaci\u00f3n, reuniendo a un total de mil 200 personas convencidas de seguir [&hellip;]<\/p>\n","protected":false},"author":2476,"featured_media":46213,"comment_status":"open","ping_status":"open","sticky":false,"template":"","format":"standard","meta":{"_jetpack_memberships_contains_paid_content":false,"footnotes":""},"categories":[2],"tags":[],"class_list":["post-46212","post","type-post","status-publish","format-standard","has-post-thumbnail","hentry","category-estado"],"jetpack_featured_media_url":"https:\/\/encuentroinformativo.com.mx\/wp-content\/uploads\/2023\/10\/IMG-20231008-WA0040.jpg","jetpack_sharing_enabled":true,"jetpack_likes_enabled":true,"amp_enabled":true,"_links":{"self":[{"href":"https:\/\/encuentroinformativo.com.mx\/index.php?rest_route=\/wp\/v2\/posts\/46212","targetHints":{"allow":["GET"]}}],"collection":[{"href":"https:\/\/encuentroinformativo.com.mx\/index.php?rest_route=\/wp\/v2\/posts"}],"about":[{"href":"https:\/\/encuentroinformativo.com.mx\/index.php?rest_route=\/wp\/v2\/types\/post"}],"author":[{"embeddable":true,"href":"https:\/\/encuentroinformativo.com.mx\/index.php?rest_route=\/wp\/v2\/users\/2476"}],"replies":[{"embeddable":true,"href":"https:\/\/encuentroinformativo.com.mx\/index.php?rest_route=%2Fwp%2Fv2%2Fcomments&post=46212"}],"version-history":[{"count":1,"href":"https:\/\/encuentroinformativo.com.mx\/index.php?rest_route=\/wp\/v2\/posts\/46212\/revisions"}],"predecessor-version":[{"id":46214,"href":"https:\/\/encuentroinformativo.com.mx\/index.php?rest_route=\/wp\/v2\/posts\/46212\/revisions\/46214"}],"wp:featuredmedia":[{"embeddable":true,"href":"https:\/\/encuentroinformativo.com.mx\/index.php?rest_route=\/wp\/v2\/media\/46213"}],"wp:attachment":[{"href":"https:\/\/encuentroinformativo.com.mx\/index.php?rest_route=%2Fwp%2Fv2%2Fmedia&parent=46212"}],"wp:term":[{"taxonomy":"category","embeddable":true,"href":"https:\/\/encuentroinformativo.com.mx\/index.php?rest_route=%2Fwp%2Fv2%2Fcategories&post=46212"},{"taxonomy":"post_tag","embeddable":true,"href":"https:\/\/encuentroinformativo.com.mx\/index.php?rest_route=%2Fwp%2Fv2%2Ftags&post=46212"}],"curies":[{"name":"wp","href":"https:\/\/api.w.org\/{rel}","templated":true}]}}