{"id":46215,"date":"2023-10-08T16:35:43","date_gmt":"2023-10-08T22:35:43","guid":{"rendered":"https:\/\/encuentroinformativo.com.mx\/?p=46215"},"modified":"2023-10-08T16:35:48","modified_gmt":"2023-10-08T22:35:48","slug":"catemaco-anfitrion-del-foro-de-expresion-del-pueblo","status":"publish","type":"post","link":"https:\/\/encuentroinformativo.com.mx\/?p=46215","title":{"rendered":"Catemaco; anfitri\u00f3n del Foro de Expresi\u00f3n del Pueblo"},"content":{"rendered":"\n<ul class=\"wp-block-list\"><li>M\u00e1s de 1200 asistentes.<\/li><li>Testimonios reales de que la 4T ha cambiado vidas.<\/li><\/ul>\n\n\n\n<p>Catemaco, Ver.- Contin\u00faa el recorrido de Unidos Todos por el territorio veracruzano escuchando testimonios de adultos, mayores, j\u00f3venes, mujeres y muchos m\u00e1s a quien la Cuarta Transformaci\u00f3n ha cambiado sus vidas.<\/p>\n\n\n\n<p>En esta ocasi\u00f3n fue el turno del municipio de Catemaco el ser anfitri\u00f3n del Foro de Expresi\u00f3n del Pueblo, \u201cLogros de la Cuarta Transformaci\u00f3n y hacia d\u00f3nde vamos\u2026\u201d, donde el sal\u00f3n Ilusi\u00f3n de esta localidad recibi\u00f3 a m\u00e1s de mil asistentes, quienes dieron cuenta de viva voz el gran avance que se ha a generado a ra\u00edz de que este movimiento inici\u00f3 en el pa\u00eds hace 5 a\u00f1os.<\/p>\n\n\n\n<p>Diego Guti\u00e9rrez Zapata, joven de la 4T, al tomar el micr\u00f3fono comenz\u00f3 agradeciendo al presidente Andr\u00e9s Manuel L\u00f3pez Obrador la oportunidad que se le ha brindado para poder continuar con sus estudios al crear pol\u00edticas p\u00fablicas acorde a las necesidades de la juventud y que de alguna manera, afirma \u201csuplementos gastos personales y familia\u201d, invitando as\u00ed a m\u00e1s j\u00f3venes a sumarse para que este proyecto contin\u00fae ya que consejera que \u201cel futuro es estudiar y prepararse en esta vida\u201d, puntualiz\u00f3.<\/p>\n\n\n\n<p>Por su parte el alcalde anfitri\u00f3n de este Foro de Expresi\u00f3n del Pueblo, Juan Jos\u00e9 Rosario Morales se dijo orgulloso de esta Cuarta Transformaci\u00f3n y congratulado de estar con compa\u00f1eros y amigos que comparten los mismos ideales; servir al pueblo.<\/p>\n\n\n\n<p>Al dar la bienvenida a las y los participantes afirm\u00f3 que se debe ser incluyente y no paternalistas \u201cporque el movimiento es de todos nosotros, mujeres y hombres\u201d, resaltando que al \u00e9xito no se llega solo, se llega acompa\u00f1ado y que Unidos Todos seguiremos cambiando a M\u00e9xico para bien.<\/p>\n\n\n\n<p>Para finalizar Juan Rosario agradeci\u00f3 al Maestro Eleazar Guerrero el liderazgo y la apertura en estos espacios que el movimiento Unidos Todos ha creado, teniendo por objetivo escuchar al pueblo, saber que nos falta y saber hacia d\u00f3nde dirigirnos para seguir cambiando no solo Veracruz sino todo M\u00e9xico.<\/p>\n\n\n\n<figure class=\"wp-block-image size-large\"><img loading=\"lazy\" decoding=\"async\" width=\"1024\" height=\"478\" src=\"https:\/\/encuentroinformativo.com.mx\/wp-content\/uploads\/2023\/10\/IMG-20231008-WA0036-1024x478.jpg\" alt=\"\" class=\"wp-image-46217\" srcset=\"https:\/\/encuentroinformativo.com.mx\/wp-content\/uploads\/2023\/10\/IMG-20231008-WA0036-1024x478.jpg 1024w, https:\/\/encuentroinformativo.com.mx\/wp-content\/uploads\/2023\/10\/IMG-20231008-WA0036-300x140.jpg 300w, https:\/\/encuentroinformativo.com.mx\/wp-content\/uploads\/2023\/10\/IMG-20231008-WA0036-768x358.jpg 768w, https:\/\/encuentroinformativo.com.mx\/wp-content\/uploads\/2023\/10\/IMG-20231008-WA0036.jpg 1280w\" sizes=\"auto, (max-width: 1024px) 100vw, 1024px\" \/><\/figure>\n","protected":false},"excerpt":{"rendered":"<p>M\u00e1s de 1200 asistentes. Testimonios reales de que la 4T ha cambiado vidas. Catemaco, Ver.- Contin\u00faa el recorrido de Unidos Todos por el territorio veracruzano escuchando testimonios de adultos, mayores, j\u00f3venes, mujeres y muchos m\u00e1s a quien la Cuarta Transformaci\u00f3n ha cambiado sus vidas. En esta ocasi\u00f3n fue el turno del municipio de Catemaco el [&hellip;]<\/p>\n","protected":false},"author":2476,"featured_media":46216,"comment_status":"open","ping_status":"open","sticky":false,"template":"","format":"standard","meta":{"_jetpack_memberships_contains_paid_content":false,"footnotes":""},"categories":[2],"tags":[],"class_list":["post-46215","post","type-post","status-publish","format-standard","has-post-thumbnail","hentry","category-estado"],"jetpack_featured_media_url":"https:\/\/encuentroinformativo.com.mx\/wp-content\/uploads\/2023\/10\/IMG-20231008-WA0033.jpg","jetpack_sharing_enabled":true,"jetpack_likes_enabled":true,"amp_enabled":true,"_links":{"self":[{"href":"https:\/\/encuentroinformativo.com.mx\/index.php?rest_route=\/wp\/v2\/posts\/46215","targetHints":{"allow":["GET"]}}],"collection":[{"href":"https:\/\/encuentroinformativo.com.mx\/index.php?rest_route=\/wp\/v2\/posts"}],"about":[{"href":"https:\/\/encuentroinformativo.com.mx\/index.php?rest_route=\/wp\/v2\/types\/post"}],"author":[{"embeddable":true,"href":"https:\/\/encuentroinformativo.com.mx\/index.php?rest_route=\/wp\/v2\/users\/2476"}],"replies":[{"embeddable":true,"href":"https:\/\/encuentroinformativo.com.mx\/index.php?rest_route=%2Fwp%2Fv2%2Fcomments&post=46215"}],"version-history":[{"count":1,"href":"https:\/\/encuentroinformativo.com.mx\/index.php?rest_route=\/wp\/v2\/posts\/46215\/revisions"}],"predecessor-version":[{"id":46218,"href":"https:\/\/encuentroinformativo.com.mx\/index.php?rest_route=\/wp\/v2\/posts\/46215\/revisions\/46218"}],"wp:featuredmedia":[{"embeddable":true,"href":"https:\/\/encuentroinformativo.com.mx\/index.php?rest_route=\/wp\/v2\/media\/46216"}],"wp:attachment":[{"href":"https:\/\/encuentroinformativo.com.mx\/index.php?rest_route=%2Fwp%2Fv2%2Fmedia&parent=46215"}],"wp:term":[{"taxonomy":"category","embeddable":true,"href":"https:\/\/encuentroinformativo.com.mx\/index.php?rest_route=%2Fwp%2Fv2%2Fcategories&post=46215"},{"taxonomy":"post_tag","embeddable":true,"href":"https:\/\/encuentroinformativo.com.mx\/index.php?rest_route=%2Fwp%2Fv2%2Ftags&post=46215"}],"curies":[{"name":"wp","href":"https:\/\/api.w.org\/{rel}","templated":true}]}}