{"id":46219,"date":"2023-10-08T16:43:08","date_gmt":"2023-10-08T22:43:08","guid":{"rendered":"https:\/\/encuentroinformativo.com.mx\/?p=46219"},"modified":"2023-10-08T16:43:12","modified_gmt":"2023-10-08T22:43:12","slug":"alista-veracruz-coloquio-internacional-de-alcaldes","status":"publish","type":"post","link":"https:\/\/encuentroinformativo.com.mx\/?p=46219","title":{"rendered":"Alista Veracruz coloquio internacional de alcaldes"},"content":{"rendered":"\n<p><strong>Juan Arcos <\/strong><\/p>\n\n\n\n<p>Xalapa, Ver.- La Secretar\u00eda de Turismo y Cultura de Veracruz (Sectur) organiza un coloquio internacional de alcaldes para promover el turismo.<\/p>\n\n\n\n<p>As\u00ed lo dio a conocer H\u00e9ctor Aguilera Lira, subsecretario de Promoci\u00f3n y Atenci\u00f3n Tur\u00edstica del estado de Veracruz, quien a\u00f1adi\u00f3 que se busca mantener alianzas estrat\u00e9gicas con alcaldes de Iberoam\u00e9rica.<\/p>\n\n\n\n<p>\u201cEstamos dise\u00f1ando un coloquio internacional de alcaldes que tiene como eje central establecer alianzas, promoci\u00f3n mutua con otros alcaldes de Iberoam\u00e9rica. Tuvimos reuni\u00f3n con el alcalde de Santo Domingo quien nos confirm\u00f3 su presencia para estar en Veracruz\u201d, expres\u00f3.<\/p>\n\n\n\n<p>Se trata del primer coloquio de este tipo que se llevar\u00e1 a cabo en el estado de Veracruz, donde habr\u00e1 encuentros con alcaldes de esta entidad y de otros lugares del pa\u00eds y del mundo.<\/p>\n\n\n\n<p>Lo anterior como parte de las actividades de la Expoturismo Veracruz 2023 que se desarrollar\u00e1 los d\u00edas 7 y 8 de noviembre pr\u00f3ximo.<\/p>\n\n\n\n<p>\u201cEste coloquio es el primero en su tipo en el estado de Veracruz durante esta administraci\u00f3n. Es muy importante que dimensionemos que hoy Veracruz es un referente nacional\u201d, enfatiz\u00f3 el funcionario estatal.<\/p>\n\n\n\n<p>Aguilera Lira revel\u00f3 que en el coloquio han confirmado su asistencia siete alcaldes de Espa\u00f1a, Honduras, Guatemala, Rep\u00fablica Dominicana y est\u00e1n por confirmar de Cuba y Belice.<\/p>\n\n\n\n<p>El evento tambi\u00e9n busca el intercambio cultural, pues adem\u00e1s con esta Expoturismo se destacar\u00e1 que Veracruz es sede de eventos internacionales, acad\u00e9micos y tur\u00edsticos.<\/p>\n","protected":false},"excerpt":{"rendered":"<p>Juan Arcos Xalapa, Ver.- La Secretar\u00eda de Turismo y Cultura de Veracruz (Sectur) organiza un coloquio internacional de alcaldes para promover el turismo. As\u00ed lo dio a conocer H\u00e9ctor Aguilera Lira, subsecretario de Promoci\u00f3n y Atenci\u00f3n Tur\u00edstica del estado de Veracruz, quien a\u00f1adi\u00f3 que se busca mantener alianzas estrat\u00e9gicas con alcaldes de Iberoam\u00e9rica. \u201cEstamos dise\u00f1ando [&hellip;]<\/p>\n","protected":false},"author":2476,"featured_media":46220,"comment_status":"open","ping_status":"open","sticky":false,"template":"","format":"standard","meta":{"_jetpack_memberships_contains_paid_content":false,"footnotes":""},"categories":[2],"tags":[],"class_list":["post-46219","post","type-post","status-publish","format-standard","has-post-thumbnail","hentry","category-estado"],"jetpack_featured_media_url":"https:\/\/encuentroinformativo.com.mx\/wp-content\/uploads\/2023\/10\/2752b2e8-13e7-4302-a5d9-cbfe5735fb44.jpg","jetpack_sharing_enabled":true,"jetpack_likes_enabled":true,"amp_enabled":true,"_links":{"self":[{"href":"https:\/\/encuentroinformativo.com.mx\/index.php?rest_route=\/wp\/v2\/posts\/46219","targetHints":{"allow":["GET"]}}],"collection":[{"href":"https:\/\/encuentroinformativo.com.mx\/index.php?rest_route=\/wp\/v2\/posts"}],"about":[{"href":"https:\/\/encuentroinformativo.com.mx\/index.php?rest_route=\/wp\/v2\/types\/post"}],"author":[{"embeddable":true,"href":"https:\/\/encuentroinformativo.com.mx\/index.php?rest_route=\/wp\/v2\/users\/2476"}],"replies":[{"embeddable":true,"href":"https:\/\/encuentroinformativo.com.mx\/index.php?rest_route=%2Fwp%2Fv2%2Fcomments&post=46219"}],"version-history":[{"count":1,"href":"https:\/\/encuentroinformativo.com.mx\/index.php?rest_route=\/wp\/v2\/posts\/46219\/revisions"}],"predecessor-version":[{"id":46221,"href":"https:\/\/encuentroinformativo.com.mx\/index.php?rest_route=\/wp\/v2\/posts\/46219\/revisions\/46221"}],"wp:featuredmedia":[{"embeddable":true,"href":"https:\/\/encuentroinformativo.com.mx\/index.php?rest_route=\/wp\/v2\/media\/46220"}],"wp:attachment":[{"href":"https:\/\/encuentroinformativo.com.mx\/index.php?rest_route=%2Fwp%2Fv2%2Fmedia&parent=46219"}],"wp:term":[{"taxonomy":"category","embeddable":true,"href":"https:\/\/encuentroinformativo.com.mx\/index.php?rest_route=%2Fwp%2Fv2%2Fcategories&post=46219"},{"taxonomy":"post_tag","embeddable":true,"href":"https:\/\/encuentroinformativo.com.mx\/index.php?rest_route=%2Fwp%2Fv2%2Ftags&post=46219"}],"curies":[{"name":"wp","href":"https:\/\/api.w.org\/{rel}","templated":true}]}}