{"id":46241,"date":"2023-10-09T12:37:28","date_gmt":"2023-10-09T18:37:28","guid":{"rendered":"https:\/\/encuentroinformativo.com.mx\/?p=46241"},"modified":"2023-10-09T12:37:32","modified_gmt":"2023-10-09T18:37:32","slug":"por-saturacion-de-pacientes-cierran-cardiologia-en-la-clinica-71-del-imss","status":"publish","type":"post","link":"https:\/\/encuentroinformativo.com.mx\/?p=46241","title":{"rendered":"Por saturaci\u00f3n de pacientes, cierran Cardiolog\u00eda en la cl\u00ednica 71 del IMSS"},"content":{"rendered":"\n<p><strong>Alejandro \u00c1vila<\/strong><\/p>\n\n\n\n<p>Veracruz, Ver.- Por una presunta saturaci\u00f3n de servicios debido a una alta demanda de paciente, el \u00e1rea de Cardiolog\u00eda de la cl\u00ednica 71 del IMSS de Veracruz ha sido &#8220;cerrada&#8221;, negando, al momento, programar m\u00e1s citas.<\/p>\n\n\n\n<p>Jos\u00e9 Mart\u00edn L\u00f3pez Lugo, derechohabiente, se\u00f1al\u00f3 en entrevista que, el pasado viernes 6 de octubre le fue negado un env\u00edo al \u00e1rea de cardiolog\u00eda, donde le tendr\u00edan que poner un marcapasos, bajo el argumento de una presunta saturaci\u00f3n de atenciones y la falta de personal para atender estas cirug\u00edas.<\/p>\n\n\n\n<p>&#8220;Fui a la 71, me met\u00ed y fui con esa asistente y me dice, &#8216;ah, es que son problemas que hay&#8217;, le digo, &#8216;es que no me dan explici\u00f3n, nada m\u00e1s me dicen que est\u00e1 cerrado, \u00bfy eso que quiere decir?&#8217;, me dice &#8216;mire, yo no le voy a decir otra cosa m\u00e1s que, porque yo veo como hay ese tipo de problemas, resulta que si no hay, no le van a dar porque Cardiolog\u00eda est\u00e1 saturada de pacientes, osea est\u00e1n en cola de espera&#8217;, tanto as\u00ed, &#8216;y no tienen personal tampoco suficiente para atender, entonces, va a ser dificil que lo atiendan&#8217;, &#8216;entonces, \u00bfuno si se muere?&#8221;, reclam\u00f3 Don Jos\u00e9 L\u00f3pez, con impotencia.<\/p>\n\n\n\n<p>Jos\u00e9 Mart\u00edn L\u00f3pez Lugo, hab\u00eda sido diagnosticado previamente, por un m\u00e9dico privado, pulsaciones bajas, tras haberle realizado un analisis de Holter.<\/p>\n\n\n\n<p>&#8220;Son demasiado bajas que no cre\u00eda que yo tuv\u00edera, es m\u00e1s en el estudio hubo un momento de 3 o 4 segundos que se me par\u00f3 el coraz\u00f3n. Eso en las madrugadas, ya en el d\u00eda me sube por el mismo movimiento de uno, pero si estoy yo en reposo s\u00ed me afecta. Me dio una receta para mostrarla en el seguro y que ellos de inmediato me hicieran el tr\u00e1mite para que me instalaran un marcapasos&#8221;, relat\u00f3.<\/p>\n\n\n\n<p>El denunciante solicit\u00f3 a la administraci\u00f3n de la clinia 71 del IMSS una soluci\u00f3n a su problema, pues teme que el retraso en la colocaci\u00f3n del marcapasos pueda deteriorar m\u00e1s r\u00e1pido su salud y enfrentar problemas serios en las pr\u00f3ximas semanas; afectando no solo a su persona por la preocupaci\u00f3n de su bienestar f\u00edsico, sino tambi\u00e9n a su esposa e hijos.<\/p>\n","protected":false},"excerpt":{"rendered":"<p>Alejandro \u00c1vila Veracruz, Ver.- Por una presunta saturaci\u00f3n de servicios debido a una alta demanda de paciente, el \u00e1rea de Cardiolog\u00eda de la cl\u00ednica 71 del IMSS de Veracruz ha sido &#8220;cerrada&#8221;, negando, al momento, programar m\u00e1s citas. Jos\u00e9 Mart\u00edn L\u00f3pez Lugo, derechohabiente, se\u00f1al\u00f3 en entrevista que, el pasado viernes 6 de octubre le fue [&hellip;]<\/p>\n","protected":false},"author":2476,"featured_media":46242,"comment_status":"open","ping_status":"open","sticky":false,"template":"","format":"standard","meta":{"_jetpack_memberships_contains_paid_content":false,"footnotes":""},"categories":[9],"tags":[],"class_list":["post-46241","post","type-post","status-publish","format-standard","has-post-thumbnail","hentry","category-salud"],"jetpack_featured_media_url":"https:\/\/encuentroinformativo.com.mx\/wp-content\/uploads\/2023\/10\/IMG-20231009-WA0021.jpg","jetpack_sharing_enabled":true,"jetpack_likes_enabled":true,"amp_enabled":true,"_links":{"self":[{"href":"https:\/\/encuentroinformativo.com.mx\/index.php?rest_route=\/wp\/v2\/posts\/46241","targetHints":{"allow":["GET"]}}],"collection":[{"href":"https:\/\/encuentroinformativo.com.mx\/index.php?rest_route=\/wp\/v2\/posts"}],"about":[{"href":"https:\/\/encuentroinformativo.com.mx\/index.php?rest_route=\/wp\/v2\/types\/post"}],"author":[{"embeddable":true,"href":"https:\/\/encuentroinformativo.com.mx\/index.php?rest_route=\/wp\/v2\/users\/2476"}],"replies":[{"embeddable":true,"href":"https:\/\/encuentroinformativo.com.mx\/index.php?rest_route=%2Fwp%2Fv2%2Fcomments&post=46241"}],"version-history":[{"count":1,"href":"https:\/\/encuentroinformativo.com.mx\/index.php?rest_route=\/wp\/v2\/posts\/46241\/revisions"}],"predecessor-version":[{"id":46243,"href":"https:\/\/encuentroinformativo.com.mx\/index.php?rest_route=\/wp\/v2\/posts\/46241\/revisions\/46243"}],"wp:featuredmedia":[{"embeddable":true,"href":"https:\/\/encuentroinformativo.com.mx\/index.php?rest_route=\/wp\/v2\/media\/46242"}],"wp:attachment":[{"href":"https:\/\/encuentroinformativo.com.mx\/index.php?rest_route=%2Fwp%2Fv2%2Fmedia&parent=46241"}],"wp:term":[{"taxonomy":"category","embeddable":true,"href":"https:\/\/encuentroinformativo.com.mx\/index.php?rest_route=%2Fwp%2Fv2%2Fcategories&post=46241"},{"taxonomy":"post_tag","embeddable":true,"href":"https:\/\/encuentroinformativo.com.mx\/index.php?rest_route=%2Fwp%2Fv2%2Ftags&post=46241"}],"curies":[{"name":"wp","href":"https:\/\/api.w.org\/{rel}","templated":true}]}}