{"id":46248,"date":"2023-10-09T08:39:29","date_gmt":"2023-10-09T14:39:29","guid":{"rendered":"https:\/\/encuentroinformativo.com.mx\/?p=46248"},"modified":"2023-10-09T13:41:36","modified_gmt":"2023-10-09T19:41:36","slug":"alcaldesa-de-veracruz-no-tiene-en-su-radar-la-gubernatura","status":"publish","type":"post","link":"https:\/\/encuentroinformativo.com.mx\/?p=46248","title":{"rendered":"Alcaldesa de Veracruz no tiene &#8220;en su radar&#8221; la gubernatura"},"content":{"rendered":"\n<p><strong>Alejandro \u00c1vila\u00a0<\/strong><\/p>\n\n\n\n<p>Veracruz, Ver.- La alcaldesa de Veracruz, Patricia Lobeira Rodr\u00edguez, mencion\u00f3 que por el momento no tiene en su radar el ser gobernadora de Veracruz; al tiempo que asegur\u00f3, la gente vot\u00f3 por ella para que cumpla su mandato en la presidencia municipal.<\/p>\n\n\n\n<p>&#8220;Bueno, la gente vot\u00f3 por m\u00ed para estar en la alcald\u00eda, entonces yo tengo que cumplirle a la gente veracruzana los 4 a\u00f1os que aqu\u00ed me tocan (\u2026) pues no lo tengo para nada en mi radar, no lo tengo pensado&#8221;, asest\u00f3.<\/p>\n\n\n\n<p>Sobre su opini\u00f3n, al respecto de todos los interesados en la gubernatura de Veracruz, dijo que a diferencia de otros actores pol\u00edticos, en el Frente Amplio por M\u00e9xico los suspirantes cumplen a cabalidad los tiempos que marca el proceso electoral.<\/p>\n\n\n\n<p>&#8220;Yo creo que el Frente va muy bien, va de acuerdo a los tiempos de campa\u00f1a, cualquier otra cosa ser\u00eda adelantarse, y creo que nosotros en el Frente hemos sido muy respetuosos de los tiempos y todav\u00eda no es el tiempo&#8221;, subray\u00f3.<\/p>\n\n\n\n<p>En otro tema, dijo que con la obra de la Plaza Hero\u00edsmo que construir\u00e1 la Asipona Veracruz, podr\u00e1n conectar un colector pluvial del Centro Hist\u00f3rico con la Plaza, mismo que beneficiar\u00e1 a todos los habitantes y turistas del primer cuadro de la ciudad.<\/p>\n\n\n\n<p>&#8220;Es s\u00faper importante que empez\u00e1ramos al mismo tiempo, porque justo nosotros tenemos que hacer un colector que se empata con un colector que ellos tienen que hacer, lo cual pues bueno, a la ciudad le viene de mucho beneficio en todo el tema hidr\u00e1ulico&#8221;, culmin\u00f3.<\/p>\n","protected":false},"excerpt":{"rendered":"<p>Alejandro \u00c1vila\u00a0 Veracruz, Ver.- La alcaldesa de Veracruz, Patricia Lobeira Rodr\u00edguez, mencion\u00f3 que por el momento no tiene en su radar el ser gobernadora de Veracruz; al tiempo que asegur\u00f3, la gente vot\u00f3 por ella para que cumpla su mandato en la presidencia municipal. &#8220;Bueno, la gente vot\u00f3 por m\u00ed para estar en la alcald\u00eda, [&hellip;]<\/p>\n","protected":false},"author":2476,"featured_media":46249,"comment_status":"open","ping_status":"open","sticky":false,"template":"","format":"standard","meta":{"_jetpack_memberships_contains_paid_content":false,"footnotes":""},"categories":[2],"tags":[],"class_list":["post-46248","post","type-post","status-publish","format-standard","has-post-thumbnail","hentry","category-estado"],"jetpack_featured_media_url":"https:\/\/encuentroinformativo.com.mx\/wp-content\/uploads\/2023\/10\/IMG-20231009-WA0049.jpg","jetpack_sharing_enabled":true,"jetpack_likes_enabled":true,"amp_enabled":true,"_links":{"self":[{"href":"https:\/\/encuentroinformativo.com.mx\/index.php?rest_route=\/wp\/v2\/posts\/46248","targetHints":{"allow":["GET"]}}],"collection":[{"href":"https:\/\/encuentroinformativo.com.mx\/index.php?rest_route=\/wp\/v2\/posts"}],"about":[{"href":"https:\/\/encuentroinformativo.com.mx\/index.php?rest_route=\/wp\/v2\/types\/post"}],"author":[{"embeddable":true,"href":"https:\/\/encuentroinformativo.com.mx\/index.php?rest_route=\/wp\/v2\/users\/2476"}],"replies":[{"embeddable":true,"href":"https:\/\/encuentroinformativo.com.mx\/index.php?rest_route=%2Fwp%2Fv2%2Fcomments&post=46248"}],"version-history":[{"count":1,"href":"https:\/\/encuentroinformativo.com.mx\/index.php?rest_route=\/wp\/v2\/posts\/46248\/revisions"}],"predecessor-version":[{"id":46250,"href":"https:\/\/encuentroinformativo.com.mx\/index.php?rest_route=\/wp\/v2\/posts\/46248\/revisions\/46250"}],"wp:featuredmedia":[{"embeddable":true,"href":"https:\/\/encuentroinformativo.com.mx\/index.php?rest_route=\/wp\/v2\/media\/46249"}],"wp:attachment":[{"href":"https:\/\/encuentroinformativo.com.mx\/index.php?rest_route=%2Fwp%2Fv2%2Fmedia&parent=46248"}],"wp:term":[{"taxonomy":"category","embeddable":true,"href":"https:\/\/encuentroinformativo.com.mx\/index.php?rest_route=%2Fwp%2Fv2%2Fcategories&post=46248"},{"taxonomy":"post_tag","embeddable":true,"href":"https:\/\/encuentroinformativo.com.mx\/index.php?rest_route=%2Fwp%2Fv2%2Ftags&post=46248"}],"curies":[{"name":"wp","href":"https:\/\/api.w.org\/{rel}","templated":true}]}}