{"id":46259,"date":"2023-10-09T15:26:02","date_gmt":"2023-10-09T21:26:02","guid":{"rendered":"https:\/\/encuentroinformativo.com.mx\/?p=46259"},"modified":"2023-10-09T15:26:05","modified_gmt":"2023-10-09T21:26:05","slug":"ante-conflictos-de-guerra-cuestiona-gobernador-trabajo-mediador-de-la-onu","status":"publish","type":"post","link":"https:\/\/encuentroinformativo.com.mx\/?p=46259","title":{"rendered":"Ante conflictos de guerra, cuestiona Gobernador trabajo &#8220;mediador&#8221; de la ONU"},"content":{"rendered":"\n<p><strong>Dar\u00edo Pale <\/strong><\/p>\n\n\n\n<p>Xalapa, Ver.- No confirman cuantos veracruzanos se encuentran en Israel, opina que la ONU debe hacer mejor trabajo como mediador de conflictos, as\u00ed lo dio a conocer el gobernador Cuitl\u00e1huac Garc\u00eda Jim\u00e9nez.<\/p>\n\n\n\n<p>En conferencia de prensa, no confirm\u00f3 cu\u00e1ntos son los veracruzanos que se encuentran en Israel, donde se registr\u00f3 un ataque por parte del grupo Ham\u00e1s desde la Franja de Gaza hacia Israel, por lo que el gobierno israel\u00ed declar\u00f3 formalmente la guerra el domingo.<\/p>\n\n\n\n<p>&#8220;La Secretar\u00eda de Relaciones Exteriores va a informar sobre exactamente cu\u00e1ntas personas, yo creo que en su momento emitir\u00e1n un comunicado&#8221;, coment\u00f3.<\/p>\n\n\n\n<p>El Ejecutivo refiri\u00f3 que el presidente Andr\u00e9s Manuel L\u00f3pez Obrador ya dio a conocer la ma\u00f1ana de este lunes las acciones que se tomar\u00edan para rescatar a los mexicanos que est\u00e1n en aquel territorio, adem\u00e1s de que no estar\u00edan en riesgo.<\/p>\n\n\n\n<p>&#8220;Pero obviamente hay que estar atentos, se teme que el conflicto escale, es triste que las reacciones entre las potencias sean b\u00e9licas y desmedidas, lamentablemente, porque finalmente perjudican a inocentes&#8221;, se\u00f1al\u00f3.<\/p>\n\n\n\n<p>El mandatario veracruzano consider\u00f3 que el pueblo palestino est\u00e1 sufriendo, no de ahora sino desde hace muchos a\u00f1os.<\/p>\n\n\n\n<p>Consider\u00f3 que la Organizaci\u00f3n de las Naciones Unidas est\u00e1 para mediar ese tipo de asuntos, ya que se trata de un enfrentamiento de muchos a\u00f1os.<\/p>\n\n\n\n<p>&#8220;Que busque la manera de que se detengan ambos ataques y buscar alg\u00fan acuerdo que, aunque sea moment\u00e1neo, levanten los ataques, sobre todo a la poblaci\u00f3n abierta, de uno y otro lado&#8221;, dijo en la conferencia.<\/p>\n\n\n\n<p>Pidi\u00f3 a la ONU no ponerse del lado de ninguna de las partes porque eso podr\u00eda empeorar las cosas, ah\u00ed record\u00f3 que ya hab\u00eda opinado que a la ONU le hace falta m\u00e1s trabajo &#8220;mediador&#8221; de los conflictos.<\/p>\n\n\n\n<p>En ese sentido, espera que esta sea una oportunidad para que el conflicto b\u00e9lico no crezca m\u00e1s.<\/p>\n\n\n\n<p>Recalc\u00f3 que estar\u00e1n en comunicaci\u00f3n con la SRE y estaremos esperando buenas noticias de todos los mexicanos que est\u00e1n en Israel.<\/p>\n\n\n\n<p>Por \u00faltimo hay que referir que el director de Atenci\u00f3n a Migrantes del gobierno de Veracruz, Carlos Escalante Igual dio a conocer que ser\u00edan 33 los veracruzanos que se encuentran en tierra santa, en la zona del conflicto, sin embargo, dicha cifra no fue confirmada por el Ejecutivo.<\/p>\n","protected":false},"excerpt":{"rendered":"<p>Dar\u00edo Pale Xalapa, Ver.- No confirman cuantos veracruzanos se encuentran en Israel, opina que la ONU debe hacer mejor trabajo como mediador de conflictos, as\u00ed lo dio a conocer el gobernador Cuitl\u00e1huac Garc\u00eda Jim\u00e9nez. En conferencia de prensa, no confirm\u00f3 cu\u00e1ntos son los veracruzanos que se encuentran en Israel, donde se registr\u00f3 un ataque por [&hellip;]<\/p>\n","protected":false},"author":2476,"featured_media":46260,"comment_status":"open","ping_status":"open","sticky":false,"template":"","format":"standard","meta":{"_jetpack_memberships_contains_paid_content":false,"footnotes":""},"categories":[2],"tags":[],"class_list":["post-46259","post","type-post","status-publish","format-standard","has-post-thumbnail","hentry","category-estado"],"jetpack_featured_media_url":"https:\/\/encuentroinformativo.com.mx\/wp-content\/uploads\/2023\/10\/IMG-20231009-WA00512.jpg","jetpack_sharing_enabled":true,"jetpack_likes_enabled":true,"amp_enabled":true,"_links":{"self":[{"href":"https:\/\/encuentroinformativo.com.mx\/index.php?rest_route=\/wp\/v2\/posts\/46259","targetHints":{"allow":["GET"]}}],"collection":[{"href":"https:\/\/encuentroinformativo.com.mx\/index.php?rest_route=\/wp\/v2\/posts"}],"about":[{"href":"https:\/\/encuentroinformativo.com.mx\/index.php?rest_route=\/wp\/v2\/types\/post"}],"author":[{"embeddable":true,"href":"https:\/\/encuentroinformativo.com.mx\/index.php?rest_route=\/wp\/v2\/users\/2476"}],"replies":[{"embeddable":true,"href":"https:\/\/encuentroinformativo.com.mx\/index.php?rest_route=%2Fwp%2Fv2%2Fcomments&post=46259"}],"version-history":[{"count":1,"href":"https:\/\/encuentroinformativo.com.mx\/index.php?rest_route=\/wp\/v2\/posts\/46259\/revisions"}],"predecessor-version":[{"id":46261,"href":"https:\/\/encuentroinformativo.com.mx\/index.php?rest_route=\/wp\/v2\/posts\/46259\/revisions\/46261"}],"wp:featuredmedia":[{"embeddable":true,"href":"https:\/\/encuentroinformativo.com.mx\/index.php?rest_route=\/wp\/v2\/media\/46260"}],"wp:attachment":[{"href":"https:\/\/encuentroinformativo.com.mx\/index.php?rest_route=%2Fwp%2Fv2%2Fmedia&parent=46259"}],"wp:term":[{"taxonomy":"category","embeddable":true,"href":"https:\/\/encuentroinformativo.com.mx\/index.php?rest_route=%2Fwp%2Fv2%2Fcategories&post=46259"},{"taxonomy":"post_tag","embeddable":true,"href":"https:\/\/encuentroinformativo.com.mx\/index.php?rest_route=%2Fwp%2Fv2%2Ftags&post=46259"}],"curies":[{"name":"wp","href":"https:\/\/api.w.org\/{rel}","templated":true}]}}